{"id":26979,"date":"2016-03-11T13:33:33","date_gmt":"2016-03-11T13:33:33","guid":{"rendered":"https:\/\/www.marinpasalodos.com\/?p=26979"},"modified":"2016-03-11T13:43:56","modified_gmt":"2016-03-11T13:43:56","slug":"ziua-internationala-a-femeii-alaturi-de-romani-in-reus","status":"publish","type":"post","link":"https:\/\/www.marinpasalodos.com\/ro\/ziua-internationala-a-femeii-alaturi-de-romani-in-reus\/","title":{"rendered":"Ziua Internationala a Femeii, alaturi de romani \u00een Reus"},"content":{"rendered":"<p>La \u00eenceputul lunii martie am participat \u00een ora\u0219ul Reus la s\u0103rb\u0103torirea Zilei Interna\u021bionale a Femeii, eveniment organizat de Asocia\u0163ia Rom\u00e2nilor din Tarragona, condus\u0103 de Dan Ancu.<br \/>\nLa s\u0103rb\u0103toare au fost prezen\u021bi invita\u021bi de onoare: doamna Consul General la Barcelona Geanina Boicu, domnul Vice Consul, domnul Primar din Reus Carles Pellicer Punyed, doamna Avocat Florentina Marin, domnul Agustin Montero \u0219i profesori de la Universitatea din Barcelona.<br \/>\nFelicit\u0103ri lui Dan Ancu, Vieru Dinu, Doina Poneaa, \u0218tefania Elenaa, Mariana Baba pentru excelenta organizare.<\/p>\n<p>Foto: Doru Coliu<\/p>\n<p><a href=\"https:\/\/www.marinpasalodos.com\/wp-content\/uploads\/2016\/03\/12742149_1707408632832779_4767248664900871060_n.jpg\"><img decoding=\"async\" class=\"alignnone size-medium wp-image-26985\" src=\"https:\/\/www.marinpasalodos.com\/wp-content\/uploads\/2016\/03\/12742149_1707408632832779_4767248664900871060_n-300x169.jpg\" alt=\"12742149_1707408632832779_4767248664900871060_n\" width=\"300\" height=\"169\" srcset=\"https:\/\/www.marinpasalodos.com\/wp-content\/uploads\/2016\/03\/12742149_1707408632832779_4767248664900871060_n-300x169.jpg 300w, https:\/\/www.marinpasalodos.com\/wp-content\/uploads\/2016\/03\/12742149_1707408632832779_4767248664900871060_n-500x281.jpg 500w, https:\/\/www.marinpasalodos.com\/wp-content\/uploads\/2016\/03\/12742149_1707408632832779_4767248664900871060_n-700x394.jpg 700w, https:\/\/www.marinpasalodos.com\/wp-content\/uploads\/2016\/03\/12742149_1707408632832779_4767248664900871060_n.jpg 960w\" sizes=\"(max-width: 300px) 100vw, 300px\" \/><\/a><\/p>\n<p>&nbsp;<\/p>\n<p><a href=\"https:\/\/www.marinpasalodos.com\/wp-content\/uploads\/2016\/03\/12802781_1707408486166127_6732495595416597674_n.jpg\"><img decoding=\"async\" class=\"alignnone size-medium wp-image-26986\" src=\"https:\/\/www.marinpasalodos.com\/wp-content\/uploads\/2016\/03\/12802781_1707408486166127_6732495595416597674_n-300x165.jpg\" alt=\"12802781_1707408486166127_6732495595416597674_n\" width=\"300\" height=\"165\" srcset=\"https:\/\/www.marinpasalodos.com\/wp-content\/uploads\/2016\/03\/12802781_1707408486166127_6732495595416597674_n-300x165.jpg 300w, https:\/\/www.marinpasalodos.com\/wp-content\/uploads\/2016\/03\/12802781_1707408486166127_6732495595416597674_n-500x275.jpg 500w, https:\/\/www.marinpasalodos.com\/wp-content\/uploads\/2016\/03\/12802781_1707408486166127_6732495595416597674_n-700x385.jpg 700w, https:\/\/www.marinpasalodos.com\/wp-content\/uploads\/2016\/03\/12802781_1707408486166127_6732495595416597674_n.jpg 960w\" sizes=\"(max-width: 300px) 100vw, 300px\" \/><\/a><\/p>\n<p>&nbsp;<\/p>\n<p><a href=\"https:\/\/www.marinpasalodos.com\/wp-content\/uploads\/2016\/03\/12813972_1707408416166134_4600252938644334134_n.jpg\"><img decoding=\"async\" class=\"alignnone size-medium wp-image-26988\" src=\"https:\/\/www.marinpasalodos.com\/wp-content\/uploads\/2016\/03\/12814097_1707408509499458_4086383940351402813_n-300x169.jpg\" alt=\"12814097_1707408509499458_4086383940351402813_n\" width=\"300\" height=\"169\" srcset=\"https:\/\/www.marinpasalodos.com\/wp-content\/uploads\/2016\/03\/12814097_1707408509499458_4086383940351402813_n-300x169.jpg 300w, https:\/\/www.marinpasalodos.com\/wp-content\/uploads\/2016\/03\/12814097_1707408509499458_4086383940351402813_n-500x281.jpg 500w, https:\/\/www.marinpasalodos.com\/wp-content\/uploads\/2016\/03\/12814097_1707408509499458_4086383940351402813_n-700x394.jpg 700w, https:\/\/www.marinpasalodos.com\/wp-content\/uploads\/2016\/03\/12814097_1707408509499458_4086383940351402813_n.jpg 960w\" sizes=\"(max-width: 300px) 100vw, 300px\" \/><br \/>\n<\/a><br \/>\n<img decoding=\"async\" class=\"alignnone size-medium wp-image-26987\" src=\"https:\/\/www.marinpasalodos.com\/wp-content\/uploads\/2016\/03\/12813972_1707408416166134_4600252938644334134_n-169x300.jpg\" alt=\"12813972_1707408416166134_4600252938644334134_n\" width=\"169\" height=\"300\" srcset=\"https:\/\/www.marinpasalodos.com\/wp-content\/uploads\/2016\/03\/12813972_1707408416166134_4600252938644334134_n-169x300.jpg 169w, https:\/\/www.marinpasalodos.com\/wp-content\/uploads\/2016\/03\/12813972_1707408416166134_4600252938644334134_n-500x889.jpg 500w, https:\/\/www.marinpasalodos.com\/wp-content\/uploads\/2016\/03\/12813972_1707408416166134_4600252938644334134_n.jpg 540w\" sizes=\"(max-width: 169px) 100vw, 169px\" \/><\/p>\n","protected":false},"excerpt":{"rendered":"<p>La \u00eenceputul lunii martie am participat \u00een ora\u0219ul Reus la s\u0103rb\u0103torirea Zilei Interna\u021bionale a Femeii, eveniment organizat de Asocia\u0163ia Rom\u00e2nilor din Tarragona, condus\u0103 de Dan Ancu. La s\u0103rb\u0103toare au fost prezen\u021bi invita\u021bi de onoare: doamna Consul General la Barcelona Geanina Boicu, domnul Vice Consul, domnul Primar din Reus Carles Pellicer Punyed, doamna Avocat Florentina Marin,  [&#8230;]<\/p>\n","protected":false},"author":3,"featured_media":0,"comment_status":"open","ping_status":"open","sticky":false,"template":"","format":"standard","meta":{"footnotes":""},"categories":[18],"tags":[35,34,36],"class_list":["post-26979","post","type-post","status-publish","format-standard","hentry","category-blog-ro","tag-romani-reus","tag-romani-spania","tag-romani-tarragona"],"yoast_head":"<!-- This site is optimized with the Yoast SEO plugin v27.4 - https:\/\/yoast.com\/product\/yoast-seo-wordpress\/ -->\n<title>Ziua Interna\u021bional\u0103 a Femeii, al\u0103turi de rom\u00e2ni \u00een Reus<\/title>\n<meta name=\"description\" content=\"La \u00eenceputul lunii martie am participat \u00een ora\u0219ul Reus la s\u0103rb\u0103torirea Zilei Interna\u021bionale a Femeii, eveniment organizat de Asocia\u0163ia Rom\u00e2nilor\" \/>\n<meta name=\"robots\" content=\"index, follow, max-snippet:-1, max-image-preview:large, max-video-preview:-1\" \/>\n<link rel=\"canonical\" href=\"https:\/\/www.marinpasalodos.com\/ro\/ziua-internationala-a-femeii-alaturi-de-romani-in-reus\/\" \/>\n<meta property=\"og:locale\" content=\"ro_RO\" \/>\n<meta property=\"og:type\" content=\"article\" \/>\n<meta property=\"og:title\" content=\"Ziua Interna\u021bional\u0103 a Femeii, al\u0103turi de rom\u00e2ni \u00een Reus\" \/>\n<meta property=\"og:description\" content=\"La \u00eenceputul lunii martie am participat \u00een ora\u0219ul Reus la s\u0103rb\u0103torirea Zilei Interna\u021bionale a Femeii, eveniment organizat de Asocia\u0163ia Rom\u00e2nilor\" \/>\n<meta property=\"og:url\" content=\"https:\/\/www.marinpasalodos.com\/ro\/ziua-internationala-a-femeii-alaturi-de-romani-in-reus\/\" \/>\n<meta property=\"og:site_name\" content=\"Abogados Marin Pasalodos\" \/>\n<meta property=\"article:published_time\" content=\"2016-03-11T13:33:33+00:00\" \/>\n<meta property=\"article:modified_time\" content=\"2016-03-11T13:43:56+00:00\" \/>\n<meta property=\"og:image\" content=\"https:\/\/www.marinpasalodos.com\/wp-content\/uploads\/2016\/03\/12742149_1707408632832779_4767248664900871060_n-300x169.jpg\" \/>\n<meta name=\"author\" content=\"Marin Pasalodos\" \/>\n<meta name=\"twitter:label1\" content=\"Scris de\" \/>\n\t<meta name=\"twitter:data1\" content=\"Marin Pasalodos\" \/>\n<script type=\"application\/ld+json\" class=\"yoast-schema-graph\">{\"@context\":\"https:\\\/\\\/schema.org\",\"@graph\":[{\"@type\":\"Article\",\"@id\":\"https:\\\/\\\/www.marinpasalodos.com\\\/ro\\\/ziua-internationala-a-femeii-alaturi-de-romani-in-reus\\\/#article\",\"isPartOf\":{\"@id\":\"https:\\\/\\\/www.marinpasalodos.com\\\/ro\\\/ziua-internationala-a-femeii-alaturi-de-romani-in-reus\\\/\"},\"author\":{\"name\":\"Marin Pasalodos\",\"@id\":\"https:\\\/\\\/www.marinpasalodos.com\\\/#\\\/schema\\\/person\\\/a7cd50af82f7eb6620b15e4bfcc71eae\"},\"headline\":\"Ziua Internationala a Femeii, alaturi de romani \u00een Reus\",\"datePublished\":\"2016-03-11T13:33:33+00:00\",\"dateModified\":\"2016-03-11T13:43:56+00:00\",\"mainEntityOfPage\":{\"@id\":\"https:\\\/\\\/www.marinpasalodos.com\\\/ro\\\/ziua-internationala-a-femeii-alaturi-de-romani-in-reus\\\/\"},\"wordCount\":105,\"commentCount\":0,\"image\":{\"@id\":\"https:\\\/\\\/www.marinpasalodos.com\\\/ro\\\/ziua-internationala-a-femeii-alaturi-de-romani-in-reus\\\/#primaryimage\"},\"thumbnailUrl\":\"https:\\\/\\\/www.marinpasalodos.com\\\/wp-content\\\/uploads\\\/2016\\\/03\\\/12742149_1707408632832779_4767248664900871060_n-300x169.jpg\",\"keywords\":[\"rom\u00e2ni Reus\",\"rom\u00e2ni Spania\",\"rom\u00e2ni Tarragona\"],\"articleSection\":[\"Blog\"],\"inLanguage\":\"ro-RO\",\"potentialAction\":[{\"@type\":\"CommentAction\",\"name\":\"Comment\",\"target\":[\"https:\\\/\\\/www.marinpasalodos.com\\\/ro\\\/ziua-internationala-a-femeii-alaturi-de-romani-in-reus\\\/#respond\"]}]},{\"@type\":\"WebPage\",\"@id\":\"https:\\\/\\\/www.marinpasalodos.com\\\/ro\\\/ziua-internationala-a-femeii-alaturi-de-romani-in-reus\\\/\",\"url\":\"https:\\\/\\\/www.marinpasalodos.com\\\/ro\\\/ziua-internationala-a-femeii-alaturi-de-romani-in-reus\\\/\",\"name\":\"Ziua Interna\u021bional\u0103 a Femeii, al\u0103turi de rom\u00e2ni \u00een Reus\",\"isPartOf\":{\"@id\":\"https:\\\/\\\/www.marinpasalodos.com\\\/#website\"},\"primaryImageOfPage\":{\"@id\":\"https:\\\/\\\/www.marinpasalodos.com\\\/ro\\\/ziua-internationala-a-femeii-alaturi-de-romani-in-reus\\\/#primaryimage\"},\"image\":{\"@id\":\"https:\\\/\\\/www.marinpasalodos.com\\\/ro\\\/ziua-internationala-a-femeii-alaturi-de-romani-in-reus\\\/#primaryimage\"},\"thumbnailUrl\":\"https:\\\/\\\/www.marinpasalodos.com\\\/wp-content\\\/uploads\\\/2016\\\/03\\\/12742149_1707408632832779_4767248664900871060_n-300x169.jpg\",\"datePublished\":\"2016-03-11T13:33:33+00:00\",\"dateModified\":\"2016-03-11T13:43:56+00:00\",\"author\":{\"@id\":\"https:\\\/\\\/www.marinpasalodos.com\\\/#\\\/schema\\\/person\\\/a7cd50af82f7eb6620b15e4bfcc71eae\"},\"description\":\"La \u00eenceputul lunii martie am participat \u00een ora\u0219ul Reus la s\u0103rb\u0103torirea Zilei Interna\u021bionale a Femeii, eveniment organizat de Asocia\u0163ia Rom\u00e2nilor\",\"breadcrumb\":{\"@id\":\"https:\\\/\\\/www.marinpasalodos.com\\\/ro\\\/ziua-internationala-a-femeii-alaturi-de-romani-in-reus\\\/#breadcrumb\"},\"inLanguage\":\"ro-RO\",\"potentialAction\":[{\"@type\":\"ReadAction\",\"target\":[\"https:\\\/\\\/www.marinpasalodos.com\\\/ro\\\/ziua-internationala-a-femeii-alaturi-de-romani-in-reus\\\/\"]}]},{\"@type\":\"ImageObject\",\"inLanguage\":\"ro-RO\",\"@id\":\"https:\\\/\\\/www.marinpasalodos.com\\\/ro\\\/ziua-internationala-a-femeii-alaturi-de-romani-in-reus\\\/#primaryimage\",\"url\":\"https:\\\/\\\/www.marinpasalodos.com\\\/wp-content\\\/uploads\\\/2016\\\/03\\\/12742149_1707408632832779_4767248664900871060_n-300x169.jpg\",\"contentUrl\":\"https:\\\/\\\/www.marinpasalodos.com\\\/wp-content\\\/uploads\\\/2016\\\/03\\\/12742149_1707408632832779_4767248664900871060_n-300x169.jpg\"},{\"@type\":\"BreadcrumbList\",\"@id\":\"https:\\\/\\\/www.marinpasalodos.com\\\/ro\\\/ziua-internationala-a-femeii-alaturi-de-romani-in-reus\\\/#breadcrumb\",\"itemListElement\":[{\"@type\":\"ListItem\",\"position\":1,\"name\":\"Home\",\"item\":\"https:\\\/\\\/www.marinpasalodos.com\\\/ro\\\/\"},{\"@type\":\"ListItem\",\"position\":2,\"name\":\"Ziua Internationala a Femeii, alaturi de romani \u00een Reus\"}]},{\"@type\":\"WebSite\",\"@id\":\"https:\\\/\\\/www.marinpasalodos.com\\\/#website\",\"url\":\"https:\\\/\\\/www.marinpasalodos.com\\\/\",\"name\":\"Abogados Marin Pasalodos\",\"description\":\"Bufete de abogados en Barcelona Marin\",\"potentialAction\":[{\"@type\":\"SearchAction\",\"target\":{\"@type\":\"EntryPoint\",\"urlTemplate\":\"https:\\\/\\\/www.marinpasalodos.com\\\/?s={search_term_string}\"},\"query-input\":{\"@type\":\"PropertyValueSpecification\",\"valueRequired\":true,\"valueName\":\"search_term_string\"}}],\"inLanguage\":\"ro-RO\"},{\"@type\":\"Person\",\"@id\":\"https:\\\/\\\/www.marinpasalodos.com\\\/#\\\/schema\\\/person\\\/a7cd50af82f7eb6620b15e4bfcc71eae\",\"name\":\"Marin Pasalodos\",\"url\":\"https:\\\/\\\/www.marinpasalodos.com\\\/ro\\\/author\\\/xenesis\\\/\"}]}<\/script>\n<!-- \/ Yoast SEO plugin. -->","yoast_head_json":{"title":"Ziua Interna\u021bional\u0103 a Femeii, al\u0103turi de rom\u00e2ni \u00een Reus","description":"La \u00eenceputul lunii martie am participat \u00een ora\u0219ul Reus la s\u0103rb\u0103torirea Zilei Interna\u021bionale a Femeii, eveniment organizat de Asocia\u0163ia Rom\u00e2nilor","robots":{"index":"index","follow":"follow","max-snippet":"max-snippet:-1","max-image-preview":"max-image-preview:large","max-video-preview":"max-video-preview:-1"},"canonical":"https:\/\/www.marinpasalodos.com\/ro\/ziua-internationala-a-femeii-alaturi-de-romani-in-reus\/","og_locale":"ro_RO","og_type":"article","og_title":"Ziua Interna\u021bional\u0103 a Femeii, al\u0103turi de rom\u00e2ni \u00een Reus","og_description":"La \u00eenceputul lunii martie am participat \u00een ora\u0219ul Reus la s\u0103rb\u0103torirea Zilei Interna\u021bionale a Femeii, eveniment organizat de Asocia\u0163ia Rom\u00e2nilor","og_url":"https:\/\/www.marinpasalodos.com\/ro\/ziua-internationala-a-femeii-alaturi-de-romani-in-reus\/","og_site_name":"Abogados Marin Pasalodos","article_published_time":"2016-03-11T13:33:33+00:00","article_modified_time":"2016-03-11T13:43:56+00:00","og_image":[{"url":"https:\/\/www.marinpasalodos.com\/wp-content\/uploads\/2016\/03\/12742149_1707408632832779_4767248664900871060_n-300x169.jpg","type":"","width":"","height":""}],"author":"Marin Pasalodos","twitter_misc":{"Scris de":"Marin Pasalodos"},"schema":{"@context":"https:\/\/schema.org","@graph":[{"@type":"Article","@id":"https:\/\/www.marinpasalodos.com\/ro\/ziua-internationala-a-femeii-alaturi-de-romani-in-reus\/#article","isPartOf":{"@id":"https:\/\/www.marinpasalodos.com\/ro\/ziua-internationala-a-femeii-alaturi-de-romani-in-reus\/"},"author":{"name":"Marin Pasalodos","@id":"https:\/\/www.marinpasalodos.com\/#\/schema\/person\/a7cd50af82f7eb6620b15e4bfcc71eae"},"headline":"Ziua Internationala a Femeii, alaturi de romani \u00een Reus","datePublished":"2016-03-11T13:33:33+00:00","dateModified":"2016-03-11T13:43:56+00:00","mainEntityOfPage":{"@id":"https:\/\/www.marinpasalodos.com\/ro\/ziua-internationala-a-femeii-alaturi-de-romani-in-reus\/"},"wordCount":105,"commentCount":0,"image":{"@id":"https:\/\/www.marinpasalodos.com\/ro\/ziua-internationala-a-femeii-alaturi-de-romani-in-reus\/#primaryimage"},"thumbnailUrl":"https:\/\/www.marinpasalodos.com\/wp-content\/uploads\/2016\/03\/12742149_1707408632832779_4767248664900871060_n-300x169.jpg","keywords":["rom\u00e2ni Reus","rom\u00e2ni Spania","rom\u00e2ni Tarragona"],"articleSection":["Blog"],"inLanguage":"ro-RO","potentialAction":[{"@type":"CommentAction","name":"Comment","target":["https:\/\/www.marinpasalodos.com\/ro\/ziua-internationala-a-femeii-alaturi-de-romani-in-reus\/#respond"]}]},{"@type":"WebPage","@id":"https:\/\/www.marinpasalodos.com\/ro\/ziua-internationala-a-femeii-alaturi-de-romani-in-reus\/","url":"https:\/\/www.marinpasalodos.com\/ro\/ziua-internationala-a-femeii-alaturi-de-romani-in-reus\/","name":"Ziua Interna\u021bional\u0103 a Femeii, al\u0103turi de rom\u00e2ni \u00een Reus","isPartOf":{"@id":"https:\/\/www.marinpasalodos.com\/#website"},"primaryImageOfPage":{"@id":"https:\/\/www.marinpasalodos.com\/ro\/ziua-internationala-a-femeii-alaturi-de-romani-in-reus\/#primaryimage"},"image":{"@id":"https:\/\/www.marinpasalodos.com\/ro\/ziua-internationala-a-femeii-alaturi-de-romani-in-reus\/#primaryimage"},"thumbnailUrl":"https:\/\/www.marinpasalodos.com\/wp-content\/uploads\/2016\/03\/12742149_1707408632832779_4767248664900871060_n-300x169.jpg","datePublished":"2016-03-11T13:33:33+00:00","dateModified":"2016-03-11T13:43:56+00:00","author":{"@id":"https:\/\/www.marinpasalodos.com\/#\/schema\/person\/a7cd50af82f7eb6620b15e4bfcc71eae"},"description":"La \u00eenceputul lunii martie am participat \u00een ora\u0219ul Reus la s\u0103rb\u0103torirea Zilei Interna\u021bionale a Femeii, eveniment organizat de Asocia\u0163ia Rom\u00e2nilor","breadcrumb":{"@id":"https:\/\/www.marinpasalodos.com\/ro\/ziua-internationala-a-femeii-alaturi-de-romani-in-reus\/#breadcrumb"},"inLanguage":"ro-RO","potentialAction":[{"@type":"ReadAction","target":["https:\/\/www.marinpasalodos.com\/ro\/ziua-internationala-a-femeii-alaturi-de-romani-in-reus\/"]}]},{"@type":"ImageObject","inLanguage":"ro-RO","@id":"https:\/\/www.marinpasalodos.com\/ro\/ziua-internationala-a-femeii-alaturi-de-romani-in-reus\/#primaryimage","url":"https:\/\/www.marinpasalodos.com\/wp-content\/uploads\/2016\/03\/12742149_1707408632832779_4767248664900871060_n-300x169.jpg","contentUrl":"https:\/\/www.marinpasalodos.com\/wp-content\/uploads\/2016\/03\/12742149_1707408632832779_4767248664900871060_n-300x169.jpg"},{"@type":"BreadcrumbList","@id":"https:\/\/www.marinpasalodos.com\/ro\/ziua-internationala-a-femeii-alaturi-de-romani-in-reus\/#breadcrumb","itemListElement":[{"@type":"ListItem","position":1,"name":"Home","item":"https:\/\/www.marinpasalodos.com\/ro\/"},{"@type":"ListItem","position":2,"name":"Ziua Internationala a Femeii, alaturi de romani \u00een Reus"}]},{"@type":"WebSite","@id":"https:\/\/www.marinpasalodos.com\/#website","url":"https:\/\/www.marinpasalodos.com\/","name":"Abogados Marin Pasalodos","description":"Bufete de abogados en Barcelona Marin","potentialAction":[{"@type":"SearchAction","target":{"@type":"EntryPoint","urlTemplate":"https:\/\/www.marinpasalodos.com\/?s={search_term_string}"},"query-input":{"@type":"PropertyValueSpecification","valueRequired":true,"valueName":"search_term_string"}}],"inLanguage":"ro-RO"},{"@type":"Person","@id":"https:\/\/www.marinpasalodos.com\/#\/schema\/person\/a7cd50af82f7eb6620b15e4bfcc71eae","name":"Marin Pasalodos","url":"https:\/\/www.marinpasalodos.com\/ro\/author\/xenesis\/"}]}},"_links":{"self":[{"href":"https:\/\/www.marinpasalodos.com\/ro\/wp-json\/wp\/v2\/posts\/26979","targetHints":{"allow":["GET"]}}],"collection":[{"href":"https:\/\/www.marinpasalodos.com\/ro\/wp-json\/wp\/v2\/posts"}],"about":[{"href":"https:\/\/www.marinpasalodos.com\/ro\/wp-json\/wp\/v2\/types\/post"}],"author":[{"embeddable":true,"href":"https:\/\/www.marinpasalodos.com\/ro\/wp-json\/wp\/v2\/users\/3"}],"replies":[{"embeddable":true,"href":"https:\/\/www.marinpasalodos.com\/ro\/wp-json\/wp\/v2\/comments?post=26979"}],"version-history":[{"count":7,"href":"https:\/\/www.marinpasalodos.com\/ro\/wp-json\/wp\/v2\/posts\/26979\/revisions"}],"predecessor-version":[{"id":26993,"href":"https:\/\/www.marinpasalodos.com\/ro\/wp-json\/wp\/v2\/posts\/26979\/revisions\/26993"}],"wp:attachment":[{"href":"https:\/\/www.marinpasalodos.com\/ro\/wp-json\/wp\/v2\/media?parent=26979"}],"wp:term":[{"taxonomy":"category","embeddable":true,"href":"https:\/\/www.marinpasalodos.com\/ro\/wp-json\/wp\/v2\/categories?post=26979"},{"taxonomy":"post_tag","embeddable":true,"href":"https:\/\/www.marinpasalodos.com\/ro\/wp-json\/wp\/v2\/tags?post=26979"}],"curies":[{"name":"wp","href":"https:\/\/api.w.org\/{rel}","templated":true}]}}