{"id":27044,"date":"2016-06-13T15:35:10","date_gmt":"2016-06-13T15:35:10","guid":{"rendered":"https:\/\/www.marinpasalodos.com\/?p=27044"},"modified":"2016-06-13T15:35:10","modified_gmt":"2016-06-13T15:35:10","slug":"iubim-romania-promovam-ia","status":"publish","type":"post","link":"https:\/\/www.marinpasalodos.com\/ro\/iubim-romania-promovam-ia\/","title":{"rendered":"IUBIM ROMANIA, PROMOVAM IA"},"content":{"rendered":"<p>La sfarsitul lunii Mai 2016 am avut onoarea de a fi invitati la marele eveniment cultural organizat de catre colega noastra, Cristina Saftoiu:<strong> Iubim Rom\u00e2nia, promov\u0103m ia<\/strong>. In dorinta de fi utili si a ne promova tara, Rom\u00e2nia, doamna avocat Florentina Marin s-a implicat personal prezentand marele eveniment, alaturi de doamna profesoara Bianca Dutu.<\/p>\n<p>Am bucurat, cred eu, invitatii prin a pune in valoare cateva traditii culturale romanesti, in acest sens invitand pe Amelia Popazissu, creatoarea care detine titlul onorific de &#8222;tezaur uman viu&#8221;, din partea UNESCO, Romartizanat prin reprezentanti ai atelierului de confectionare ii autentice romanesti, atelierul D&amp;V reprezentati de mesteri popular iconografi si pictori de lacase sfinte in stil bizantin si Catalina Mihaela Patrichi, specialist in bijuterie handmade.<\/p>\n<p>Am avut onoarea sa o avem alaturi de noi si pe Doamna Consul General al Romaniei, Geanina Miahela Boicu, care a subliniat importanta mentinerii si promovarii traditiei si culturii romane in Spania.<\/p>\n<p><a href=\"https:\/\/www.marinpasalodos.com\/wp-content\/uploads\/2016\/06\/florentina-pasalodos-eveniment-promovam-ia.jpg\"><img decoding=\"async\" class=\"alignnone wp-image-27045 size-medium\" src=\"https:\/\/www.marinpasalodos.com\/wp-content\/uploads\/2016\/06\/florentina-pasalodos-eveniment-promovam-ia-200x300.jpg\" alt=\"florentina-marin-eveniment-promovam-ia\" width=\"200\" height=\"300\" srcset=\"https:\/\/www.marinpasalodos.com\/wp-content\/uploads\/2016\/06\/florentina-pasalodos-eveniment-promovam-ia-200x300.jpg 200w, https:\/\/www.marinpasalodos.com\/wp-content\/uploads\/2016\/06\/florentina-pasalodos-eveniment-promovam-ia-500x749.jpg 500w, https:\/\/www.marinpasalodos.com\/wp-content\/uploads\/2016\/06\/florentina-pasalodos-eveniment-promovam-ia-683x1024.jpg 683w, https:\/\/www.marinpasalodos.com\/wp-content\/uploads\/2016\/06\/florentina-pasalodos-eveniment-promovam-ia-700x1049.jpg 700w, https:\/\/www.marinpasalodos.com\/wp-content\/uploads\/2016\/06\/florentina-pasalodos-eveniment-promovam-ia.jpg 800w\" sizes=\"(max-width: 200px) 100vw, 200px\" \/><\/a>\u00a0\u00a0\u00a0<a href=\"https:\/\/www.marinpasalodos.com\/wp-content\/uploads\/2016\/06\/romania-promovam-ia.jpg\"><img decoding=\"async\" class=\"alignnone size-medium wp-image-27047\" src=\"https:\/\/www.marinpasalodos.com\/wp-content\/uploads\/2016\/06\/romania-promovam-ia-225x300.jpg\" alt=\"romania-promovam-ia\" width=\"225\" height=\"300\" srcset=\"https:\/\/www.marinpasalodos.com\/wp-content\/uploads\/2016\/06\/romania-promovam-ia-225x300.jpg 225w, https:\/\/www.marinpasalodos.com\/wp-content\/uploads\/2016\/06\/romania-promovam-ia-500x667.jpg 500w, https:\/\/www.marinpasalodos.com\/wp-content\/uploads\/2016\/06\/romania-promovam-ia-700x933.jpg 700w, https:\/\/www.marinpasalodos.com\/wp-content\/uploads\/2016\/06\/romania-promovam-ia-768x1024.jpg 768w, https:\/\/www.marinpasalodos.com\/wp-content\/uploads\/2016\/06\/romania-promovam-ia.jpg 1200w\" sizes=\"(max-width: 225px) 100vw, 225px\" \/><\/a>\u00a0 \u00a0<a href=\"https:\/\/www.marinpasalodos.com\/wp-content\/uploads\/2016\/06\/spania-promovam-ia.jpg\"><img decoding=\"async\" class=\"alignnone size-medium wp-image-27048\" src=\"https:\/\/www.marinpasalodos.com\/wp-content\/uploads\/2016\/06\/spania-promovam-ia-225x300.jpg\" alt=\"spania-promovam-ia\" width=\"225\" height=\"300\" srcset=\"https:\/\/www.marinpasalodos.com\/wp-content\/uploads\/2016\/06\/spania-promovam-ia-225x300.jpg 225w, https:\/\/www.marinpasalodos.com\/wp-content\/uploads\/2016\/06\/spania-promovam-ia-500x667.jpg 500w, https:\/\/www.marinpasalodos.com\/wp-content\/uploads\/2016\/06\/spania-promovam-ia-700x933.jpg 700w, https:\/\/www.marinpasalodos.com\/wp-content\/uploads\/2016\/06\/spania-promovam-ia-768x1024.jpg 768w, https:\/\/www.marinpasalodos.com\/wp-content\/uploads\/2016\/06\/spania-promovam-ia.jpg 1200w\" sizes=\"(max-width: 225px) 100vw, 225px\" \/><\/a><\/p>\n","protected":false},"excerpt":{"rendered":"<p>La sfarsitul lunii Mai 2016 am avut onoarea de a fi invitati la marele eveniment cultural organizat de catre colega noastra, Cristina Saftoiu: Iubim Rom\u00e2nia, promov\u0103m ia. In dorinta de fi utili si a ne promova tara, Rom\u00e2nia, doamna avocat Florentina Marin s-a implicat personal prezentand marele eveniment, alaturi de doamna profesoara Bianca Dutu. Am  [&#8230;]<\/p>\n","protected":false},"author":3,"featured_media":0,"comment_status":"open","ping_status":"open","sticky":false,"template":"","format":"standard","meta":{"footnotes":""},"categories":[18],"tags":[],"class_list":["post-27044","post","type-post","status-publish","format-standard","hentry","category-blog-ro"],"yoast_head":"<!-- This site is optimized with the Yoast SEO plugin v27.4 - https:\/\/yoast.com\/product\/yoast-seo-wordpress\/ -->\n<title>IUBIM ROMANIA, PROMOVAM IA - Abogados Marin Pasalodos<\/title>\n<meta name=\"description\" content=\"Eveniment cultural organizat de catre colega noastra, Cristina Saftoiu: Iubim Rom\u00e2nia, promov\u0103m ia, in Spania\" \/>\n<meta name=\"robots\" content=\"index, follow, max-snippet:-1, max-image-preview:large, max-video-preview:-1\" \/>\n<link rel=\"canonical\" href=\"https:\/\/www.marinpasalodos.com\/ro\/iubim-romania-promovam-ia\/\" \/>\n<meta property=\"og:locale\" content=\"ro_RO\" \/>\n<meta property=\"og:type\" content=\"article\" \/>\n<meta property=\"og:title\" content=\"IUBIM ROMANIA, PROMOVAM IA - Abogados Marin Pasalodos\" \/>\n<meta property=\"og:description\" content=\"Eveniment cultural organizat de catre colega noastra, Cristina Saftoiu: Iubim Rom\u00e2nia, promov\u0103m ia, in Spania\" \/>\n<meta property=\"og:url\" content=\"https:\/\/www.marinpasalodos.com\/ro\/iubim-romania-promovam-ia\/\" \/>\n<meta property=\"og:site_name\" content=\"Abogados Marin Pasalodos\" \/>\n<meta property=\"article:published_time\" content=\"2016-06-13T15:35:10+00:00\" \/>\n<meta property=\"og:image\" content=\"https:\/\/www.marinpasalodos.com\/wp-content\/uploads\/2016\/06\/florentina-pasalodos-eveniment-promovam-ia-200x300.jpg\" \/>\n<meta name=\"author\" content=\"Marin Pasalodos\" \/>\n<meta name=\"twitter:label1\" content=\"Scris de\" \/>\n\t<meta name=\"twitter:data1\" content=\"Marin Pasalodos\" \/>\n\t<meta name=\"twitter:label2\" content=\"Timp estimat pentru citire\" \/>\n\t<meta name=\"twitter:data2\" content=\"1 minut\" \/>\n<script type=\"application\/ld+json\" class=\"yoast-schema-graph\">{\"@context\":\"https:\\\/\\\/schema.org\",\"@graph\":[{\"@type\":\"Article\",\"@id\":\"https:\\\/\\\/www.marinpasalodos.com\\\/ro\\\/iubim-romania-promovam-ia\\\/#article\",\"isPartOf\":{\"@id\":\"https:\\\/\\\/www.marinpasalodos.com\\\/ro\\\/iubim-romania-promovam-ia\\\/\"},\"author\":{\"name\":\"Marin Pasalodos\",\"@id\":\"https:\\\/\\\/www.marinpasalodos.com\\\/#\\\/schema\\\/person\\\/a7cd50af82f7eb6620b15e4bfcc71eae\"},\"headline\":\"IUBIM ROMANIA, PROMOVAM IA\",\"datePublished\":\"2016-06-13T15:35:10+00:00\",\"mainEntityOfPage\":{\"@id\":\"https:\\\/\\\/www.marinpasalodos.com\\\/ro\\\/iubim-romania-promovam-ia\\\/\"},\"wordCount\":160,\"commentCount\":0,\"image\":{\"@id\":\"https:\\\/\\\/www.marinpasalodos.com\\\/ro\\\/iubim-romania-promovam-ia\\\/#primaryimage\"},\"thumbnailUrl\":\"https:\\\/\\\/www.marinpasalodos.com\\\/wp-content\\\/uploads\\\/2016\\\/06\\\/florentina-pasalodos-eveniment-promovam-ia-200x300.jpg\",\"articleSection\":[\"Blog\"],\"inLanguage\":\"ro-RO\",\"potentialAction\":[{\"@type\":\"CommentAction\",\"name\":\"Comment\",\"target\":[\"https:\\\/\\\/www.marinpasalodos.com\\\/ro\\\/iubim-romania-promovam-ia\\\/#respond\"]}]},{\"@type\":\"WebPage\",\"@id\":\"https:\\\/\\\/www.marinpasalodos.com\\\/ro\\\/iubim-romania-promovam-ia\\\/\",\"url\":\"https:\\\/\\\/www.marinpasalodos.com\\\/ro\\\/iubim-romania-promovam-ia\\\/\",\"name\":\"IUBIM ROMANIA, PROMOVAM IA - Abogados Marin Pasalodos\",\"isPartOf\":{\"@id\":\"https:\\\/\\\/www.marinpasalodos.com\\\/#website\"},\"primaryImageOfPage\":{\"@id\":\"https:\\\/\\\/www.marinpasalodos.com\\\/ro\\\/iubim-romania-promovam-ia\\\/#primaryimage\"},\"image\":{\"@id\":\"https:\\\/\\\/www.marinpasalodos.com\\\/ro\\\/iubim-romania-promovam-ia\\\/#primaryimage\"},\"thumbnailUrl\":\"https:\\\/\\\/www.marinpasalodos.com\\\/wp-content\\\/uploads\\\/2016\\\/06\\\/florentina-pasalodos-eveniment-promovam-ia-200x300.jpg\",\"datePublished\":\"2016-06-13T15:35:10+00:00\",\"author\":{\"@id\":\"https:\\\/\\\/www.marinpasalodos.com\\\/#\\\/schema\\\/person\\\/a7cd50af82f7eb6620b15e4bfcc71eae\"},\"description\":\"Eveniment cultural organizat de catre colega noastra, Cristina Saftoiu: Iubim Rom\u00e2nia, promov\u0103m ia, in Spania\",\"breadcrumb\":{\"@id\":\"https:\\\/\\\/www.marinpasalodos.com\\\/ro\\\/iubim-romania-promovam-ia\\\/#breadcrumb\"},\"inLanguage\":\"ro-RO\",\"potentialAction\":[{\"@type\":\"ReadAction\",\"target\":[\"https:\\\/\\\/www.marinpasalodos.com\\\/ro\\\/iubim-romania-promovam-ia\\\/\"]}]},{\"@type\":\"ImageObject\",\"inLanguage\":\"ro-RO\",\"@id\":\"https:\\\/\\\/www.marinpasalodos.com\\\/ro\\\/iubim-romania-promovam-ia\\\/#primaryimage\",\"url\":\"https:\\\/\\\/www.marinpasalodos.com\\\/wp-content\\\/uploads\\\/2016\\\/06\\\/florentina-pasalodos-eveniment-promovam-ia-200x300.jpg\",\"contentUrl\":\"https:\\\/\\\/www.marinpasalodos.com\\\/wp-content\\\/uploads\\\/2016\\\/06\\\/florentina-pasalodos-eveniment-promovam-ia-200x300.jpg\"},{\"@type\":\"BreadcrumbList\",\"@id\":\"https:\\\/\\\/www.marinpasalodos.com\\\/ro\\\/iubim-romania-promovam-ia\\\/#breadcrumb\",\"itemListElement\":[{\"@type\":\"ListItem\",\"position\":1,\"name\":\"Home\",\"item\":\"https:\\\/\\\/www.marinpasalodos.com\\\/ro\\\/\"},{\"@type\":\"ListItem\",\"position\":2,\"name\":\"IUBIM ROMANIA, PROMOVAM IA\"}]},{\"@type\":\"WebSite\",\"@id\":\"https:\\\/\\\/www.marinpasalodos.com\\\/#website\",\"url\":\"https:\\\/\\\/www.marinpasalodos.com\\\/\",\"name\":\"Abogados Marin Pasalodos\",\"description\":\"Bufete de abogados en Barcelona Marin\",\"potentialAction\":[{\"@type\":\"SearchAction\",\"target\":{\"@type\":\"EntryPoint\",\"urlTemplate\":\"https:\\\/\\\/www.marinpasalodos.com\\\/?s={search_term_string}\"},\"query-input\":{\"@type\":\"PropertyValueSpecification\",\"valueRequired\":true,\"valueName\":\"search_term_string\"}}],\"inLanguage\":\"ro-RO\"},{\"@type\":\"Person\",\"@id\":\"https:\\\/\\\/www.marinpasalodos.com\\\/#\\\/schema\\\/person\\\/a7cd50af82f7eb6620b15e4bfcc71eae\",\"name\":\"Marin Pasalodos\",\"url\":\"https:\\\/\\\/www.marinpasalodos.com\\\/ro\\\/author\\\/xenesis\\\/\"}]}<\/script>\n<!-- \/ Yoast SEO plugin. -->","yoast_head_json":{"title":"IUBIM ROMANIA, PROMOVAM IA - Abogados Marin Pasalodos","description":"Eveniment cultural organizat de catre colega noastra, Cristina Saftoiu: Iubim Rom\u00e2nia, promov\u0103m ia, in Spania","robots":{"index":"index","follow":"follow","max-snippet":"max-snippet:-1","max-image-preview":"max-image-preview:large","max-video-preview":"max-video-preview:-1"},"canonical":"https:\/\/www.marinpasalodos.com\/ro\/iubim-romania-promovam-ia\/","og_locale":"ro_RO","og_type":"article","og_title":"IUBIM ROMANIA, PROMOVAM IA - Abogados Marin Pasalodos","og_description":"Eveniment cultural organizat de catre colega noastra, Cristina Saftoiu: Iubim Rom\u00e2nia, promov\u0103m ia, in Spania","og_url":"https:\/\/www.marinpasalodos.com\/ro\/iubim-romania-promovam-ia\/","og_site_name":"Abogados Marin Pasalodos","article_published_time":"2016-06-13T15:35:10+00:00","og_image":[{"url":"https:\/\/www.marinpasalodos.com\/wp-content\/uploads\/2016\/06\/florentina-pasalodos-eveniment-promovam-ia-200x300.jpg","type":"","width":"","height":""}],"author":"Marin Pasalodos","twitter_misc":{"Scris de":"Marin Pasalodos","Timp estimat pentru citire":"1 minut"},"schema":{"@context":"https:\/\/schema.org","@graph":[{"@type":"Article","@id":"https:\/\/www.marinpasalodos.com\/ro\/iubim-romania-promovam-ia\/#article","isPartOf":{"@id":"https:\/\/www.marinpasalodos.com\/ro\/iubim-romania-promovam-ia\/"},"author":{"name":"Marin Pasalodos","@id":"https:\/\/www.marinpasalodos.com\/#\/schema\/person\/a7cd50af82f7eb6620b15e4bfcc71eae"},"headline":"IUBIM ROMANIA, PROMOVAM IA","datePublished":"2016-06-13T15:35:10+00:00","mainEntityOfPage":{"@id":"https:\/\/www.marinpasalodos.com\/ro\/iubim-romania-promovam-ia\/"},"wordCount":160,"commentCount":0,"image":{"@id":"https:\/\/www.marinpasalodos.com\/ro\/iubim-romania-promovam-ia\/#primaryimage"},"thumbnailUrl":"https:\/\/www.marinpasalodos.com\/wp-content\/uploads\/2016\/06\/florentina-pasalodos-eveniment-promovam-ia-200x300.jpg","articleSection":["Blog"],"inLanguage":"ro-RO","potentialAction":[{"@type":"CommentAction","name":"Comment","target":["https:\/\/www.marinpasalodos.com\/ro\/iubim-romania-promovam-ia\/#respond"]}]},{"@type":"WebPage","@id":"https:\/\/www.marinpasalodos.com\/ro\/iubim-romania-promovam-ia\/","url":"https:\/\/www.marinpasalodos.com\/ro\/iubim-romania-promovam-ia\/","name":"IUBIM ROMANIA, PROMOVAM IA - Abogados Marin Pasalodos","isPartOf":{"@id":"https:\/\/www.marinpasalodos.com\/#website"},"primaryImageOfPage":{"@id":"https:\/\/www.marinpasalodos.com\/ro\/iubim-romania-promovam-ia\/#primaryimage"},"image":{"@id":"https:\/\/www.marinpasalodos.com\/ro\/iubim-romania-promovam-ia\/#primaryimage"},"thumbnailUrl":"https:\/\/www.marinpasalodos.com\/wp-content\/uploads\/2016\/06\/florentina-pasalodos-eveniment-promovam-ia-200x300.jpg","datePublished":"2016-06-13T15:35:10+00:00","author":{"@id":"https:\/\/www.marinpasalodos.com\/#\/schema\/person\/a7cd50af82f7eb6620b15e4bfcc71eae"},"description":"Eveniment cultural organizat de catre colega noastra, Cristina Saftoiu: Iubim Rom\u00e2nia, promov\u0103m ia, in Spania","breadcrumb":{"@id":"https:\/\/www.marinpasalodos.com\/ro\/iubim-romania-promovam-ia\/#breadcrumb"},"inLanguage":"ro-RO","potentialAction":[{"@type":"ReadAction","target":["https:\/\/www.marinpasalodos.com\/ro\/iubim-romania-promovam-ia\/"]}]},{"@type":"ImageObject","inLanguage":"ro-RO","@id":"https:\/\/www.marinpasalodos.com\/ro\/iubim-romania-promovam-ia\/#primaryimage","url":"https:\/\/www.marinpasalodos.com\/wp-content\/uploads\/2016\/06\/florentina-pasalodos-eveniment-promovam-ia-200x300.jpg","contentUrl":"https:\/\/www.marinpasalodos.com\/wp-content\/uploads\/2016\/06\/florentina-pasalodos-eveniment-promovam-ia-200x300.jpg"},{"@type":"BreadcrumbList","@id":"https:\/\/www.marinpasalodos.com\/ro\/iubim-romania-promovam-ia\/#breadcrumb","itemListElement":[{"@type":"ListItem","position":1,"name":"Home","item":"https:\/\/www.marinpasalodos.com\/ro\/"},{"@type":"ListItem","position":2,"name":"IUBIM ROMANIA, PROMOVAM IA"}]},{"@type":"WebSite","@id":"https:\/\/www.marinpasalodos.com\/#website","url":"https:\/\/www.marinpasalodos.com\/","name":"Abogados Marin Pasalodos","description":"Bufete de abogados en Barcelona Marin","potentialAction":[{"@type":"SearchAction","target":{"@type":"EntryPoint","urlTemplate":"https:\/\/www.marinpasalodos.com\/?s={search_term_string}"},"query-input":{"@type":"PropertyValueSpecification","valueRequired":true,"valueName":"search_term_string"}}],"inLanguage":"ro-RO"},{"@type":"Person","@id":"https:\/\/www.marinpasalodos.com\/#\/schema\/person\/a7cd50af82f7eb6620b15e4bfcc71eae","name":"Marin Pasalodos","url":"https:\/\/www.marinpasalodos.com\/ro\/author\/xenesis\/"}]}},"_links":{"self":[{"href":"https:\/\/www.marinpasalodos.com\/ro\/wp-json\/wp\/v2\/posts\/27044","targetHints":{"allow":["GET"]}}],"collection":[{"href":"https:\/\/www.marinpasalodos.com\/ro\/wp-json\/wp\/v2\/posts"}],"about":[{"href":"https:\/\/www.marinpasalodos.com\/ro\/wp-json\/wp\/v2\/types\/post"}],"author":[{"embeddable":true,"href":"https:\/\/www.marinpasalodos.com\/ro\/wp-json\/wp\/v2\/users\/3"}],"replies":[{"embeddable":true,"href":"https:\/\/www.marinpasalodos.com\/ro\/wp-json\/wp\/v2\/comments?post=27044"}],"version-history":[{"count":1,"href":"https:\/\/www.marinpasalodos.com\/ro\/wp-json\/wp\/v2\/posts\/27044\/revisions"}],"predecessor-version":[{"id":27049,"href":"https:\/\/www.marinpasalodos.com\/ro\/wp-json\/wp\/v2\/posts\/27044\/revisions\/27049"}],"wp:attachment":[{"href":"https:\/\/www.marinpasalodos.com\/ro\/wp-json\/wp\/v2\/media?parent=27044"}],"wp:term":[{"taxonomy":"category","embeddable":true,"href":"https:\/\/www.marinpasalodos.com\/ro\/wp-json\/wp\/v2\/categories?post=27044"},{"taxonomy":"post_tag","embeddable":true,"href":"https:\/\/www.marinpasalodos.com\/ro\/wp-json\/wp\/v2\/tags?post=27044"}],"curies":[{"name":"wp","href":"https:\/\/api.w.org\/{rel}","templated":true}]}}