{"id":29079,"date":"2020-04-09T09:10:41","date_gmt":"2020-04-09T09:10:41","guid":{"rendered":"https:\/\/www.marinpasalodos.com\/violenta-de-gen\/"},"modified":"2020-04-09T09:16:47","modified_gmt":"2020-04-09T09:16:47","slug":"violenta-gen-majoritatea-victimelor-sunt-de-sex-feminin","status":"publish","type":"post","link":"https:\/\/www.marinpasalodos.com\/ro\/violenta-gen-majoritatea-victimelor-sunt-de-sex-feminin\/","title":{"rendered":"Violenta de gen: majoritatea victimelor sunt de sex feminin"},"content":{"rendered":"<p>Avoca\u021bii cabinetului Marin&amp;Pasalodos din Barcelona au decis sa abordeze in prezentul articol subiectul violentei de gen \u00eentruc\u00e2t actualul context interna\u021bional al starii de urgent\u0103 a scos la suprafa\u021b\u0103 o alta trista realitate: de\u0219i carantina este cea mai eficienta forma pentru a reduce num\u0103rul de contagiati de coronavirus, din p\u0103cate, acest lucru a condus la cresterea num\u0103rului de victime ale violentei de gen, acestea fiind obligate sa ramana \u00een acela\u0219i spa\u021biu cu agresorul lor. Guvernele diferitelor state au luat (sau ar trebui sa ia) m\u0103suri de prevenire \u0219i combatere, de exemplu consolidarea liniilor de apel telefonic de ajutorare ale persoanelor maltratate. \u00centruc\u00e2t majoritatea victimelor sunt de sex feminin, o ini\u021biativa aplaudata a fost cea a guvernului din Insulele Canare prin care femeile aflate in pericol pot cere la farmacie o &#8222;masca -19&#8221; ca \u0219i nume de cod pentru a alerta personalul ca nu se simt in siguran\u021ba.<!--more--><\/p>\n<p>C\u00e2nd vorbim de violenta de gen ne referim la o manifestare a inegalit\u0103\u021bii existente la nivelul societ\u0103\u021bii, care implica dorin\u021ba de a controla persoana mai vulnerabila, concret\u00e2ndu-se astfel in acte violente. In general, agresorul nu \u00ee\u0219i asuma responsabilitatea \u0219i g\u0103se\u0219te \u00eentotdeauna o justificare a comportamentului s\u0103u; acesta considera ca ac\u021biunile sale sunt doar o consecin\u021b\u0103 fireasc\u0103 a unei provoc\u0103ri din partea victimei. Primul articol din Legea spaniola 1\/2004 privind m\u0103surile de protec\u021bie \u00eempotriva violentei de gen define\u0219te conceptul ca fiind o manifestare a discrimin\u0103rii, dar \u0219i a inegalit\u0103\u021bii de putere dintre b\u0103rba\u021bi \u0219i femei. Din practica, se <a href=\"https:\/\/www.marinpasalodos.com\/wp-content\/uploads\/2017\/05\/acoso-stalking.png\"><img decoding=\"async\" class=\"alignright  wp-image-27398\" src=\"https:\/\/www.marinpasalodos.com\/wp-content\/uploads\/2017\/05\/acoso-stalking.png\" alt=\"acoso o stalking\" width=\"449\" height=\"282\" srcset=\"https:\/\/www.marinpasalodos.com\/wp-content\/uploads\/2017\/05\/acoso-stalking-300x189.png 300w, https:\/\/www.marinpasalodos.com\/wp-content\/uploads\/2017\/05\/acoso-stalking-500x314.png 500w, https:\/\/www.marinpasalodos.com\/wp-content\/uploads\/2017\/05\/acoso-stalking.png 700w\" sizes=\"(max-width: 449px) 100vw, 449px\" \/><\/a>deduce ca multe femei accepta rolul de victime \u00eentruc\u00e2t at\u00e2t ele c\u00e2t \u0219i copiii lor depind financiar de agresorii lor. Tocmai din acest motiv, dorim sa informam ca exista norme legale ale c\u0103ror scop este \u00eentocmai sa ofere suport victimei \u0219i minorilor din toate punctele de vedere, \u00eencuranjand-o sa ias\u0103 din rela\u021bia d\u0103un\u0103toare \u0219i sa ceara ajutor; bine\u00een\u021beles, orice tip de violen\u021b\u0103 trebuie denun\u021bat pentru a fi sanc\u021bionat. In procedurile judiciare privind violenta de gen, Judec\u0103torul, din oficiu sau la cererea p\u0103r\u021bii (victima, copiii s\u0103i, persoane care locuiesc cu ei, Ministerul Fiscal sau Serviciul de Aten\u021bie al victimelor) se va pronun\u021ba privind m\u0103surile de protec\u021bie care se impun in fiecare caz. De exemplu, instan\u021ba poate instaura un ordin de protec\u021bie pentru victimele violentei domestice, adic\u0103 in cazurile constr\u00e2ngerii fizice sau emo\u0163ionale asupra unui alt membru al familiei \u00een scopul impunerii puterii \u015fi a controlului asupra acestuia, precum \u015fi ansamblul conflictelor din grupul familial, care au ca efect maltratarea partenerului sau al copilului, deci nu doar b\u0103rbat contra femeie!<\/p>\n<h2>Ghid cu recomand\u0103ri pentru victimele violentei de gen<\/h2>\n<p>Ministerul spaniol al egalit\u0103\u021bii a publicat un ghid cu recomand\u0103ri pentru victimele violentei de gen in timpul pandemiei coronavirus:<\/p>\n<p>-dac\u0103 te sim\u021bi in pericol la domiciliu dar nu ai un alt loc unde sa mergi, trebuie sa \u0219tii ca exista centre de ad\u0103post in fiecare comunitate autonoma unde po\u021bi merge; trebuie doar sa explici necesitatea unui ad\u0103post de urgent\u0103 temporar.<br \/>\n-dac\u0103 agresorul t\u0103u are impus\u0103 o m\u0103sura care ii interzice comunicarea cu tine, dar o \u00eencalc\u0103, informeaz\u0103-\u021bi avocatul sau ofi\u021berul de caz. Nu uita ca po\u021bi oric\u00e2nd sa denun\u021bi acest lucru, \u00eenc\u0103lcarea obliga\u021biilor impuse de judec\u0103tor fiind o infrac\u021biune. De asemenea, sf\u0103tuim sa p\u0103stra\u021bi in telefon orice dovada in acest sens.<br \/>\n-&#8222;dac\u0103 am \u00eencredin\u021barea minorului, pot sa solicit suspendarea regimului de vizit\u0103 pe motivul st\u0103rii de urgent\u0103?&#8221; Da! Acordul consilului general din 13 martie 2020 prevede posibilitatea ca judec\u0103torul de dreptul familiei sa suspende regimul de vizitare pe durata st\u0103rii de urgent\u0103, valor\u00e2nd care sunt riscurile pentru minor dac\u0103 acesta se deplaseaz\u0103. Se recomand\u0103 ca in aceasta solicitare, avocatul t\u0103u sa se men\u021bioneze expres judec\u0103torului c\u0103, din cauza st\u0103rii de urgent\u0103 \u0219i al riscului pentru s\u0103n\u0103tate, c\u00e2t timp nu exista r\u0103spuns din partea Judec\u0103torului, sa se suspende regimul de vizitare pana ia sf\u00e2r\u0219it starea de alarm\u0103.<\/p>\n<p>Avoca\u021bii Marin&amp;Pasalodos sf\u0103tuiesc at\u00e2t femeile c\u00e2t \u0219i b\u0103rba\u021bii care sunt victimele violentei emo\u021bionale sau fizice sa nu r\u0103m\u00e2n\u0103 in pasivitate! Va stam la dispozi\u021bie pentru mai multe informatii despre implicatiile violentei de gen si dac\u0103 aveti nevoie de \u00eendrumare juridic\u0103, nu ezita\u021bi s\u0103 ne contacta\u021bi. Echipa biroului de <a href=\"\/ro\/\">avoca\u021bi rom\u00e2ni din Barcelona<\/a> este specializat\u0103 \u00een <a href=\"https:\/\/www.marinpasalodos.com\/ro\/specializari-in-drept\/avocati-specializati-in-dreptul-penal\/\">drept penal<\/a>, <a href=\"https:\/\/www.marinpasalodos.com\/ro\/specializari-in-drept\/avocati-specializati-in-dreptul-civil\/\">drept civil<\/a>, <a href=\"https:\/\/www.marinpasalodos.com\/ro\/specializari-in-drept\/avocati-specializati-in-dreptul-familiei\/\">dreptul familiei<\/a> \u0219i <a href=\"https:\/\/www.marinpasalodos.com\/ro\/specializari-in-drept\/avocati-specializati-in-dreptul-muncii\/\">dreptul muncii<\/a> \u0219i depune toate diligentele necesare pentru a va ob\u021bine un rezultat care sa va satisfac\u0103. Ne pute\u021bi contacta la num\u0103rul de telefon (0034) 932006766, sau la adresa de e-mail secretaria@marinpasalodos.com. V\u0103 mul\u021bumim pentru \u00eencrederea acordat\u0103!<\/p>\n","protected":false},"excerpt":{"rendered":"<p>Avoca\u021bii cabinetului Marin&amp;Pasalodos din Barcelona au decis sa abordeze in prezentul articol subiectul violentei de gen \u00eentruc\u00e2t actualul context interna\u021bional al starii de urgent\u0103 a scos la suprafa\u021b\u0103 o alta trista realitate: de\u0219i carantina este cea mai eficienta forma pentru a reduce num\u0103rul de contagiati de coronavirus, din p\u0103cate, acest lucru a condus la cresterea  [&#8230;]<\/p>\n","protected":false},"author":3,"featured_media":0,"comment_status":"open","ping_status":"open","sticky":false,"template":"","format":"standard","meta":{"footnotes":""},"categories":[18],"tags":[],"class_list":["post-29079","post","type-post","status-publish","format-standard","hentry","category-blog-ro"],"yoast_head":"<!-- This site is optimized with the Yoast SEO plugin v27.4 - https:\/\/yoast.com\/product\/yoast-seo-wordpress\/ -->\n<title>Violenta de gen: majoritatea victimelor sunt de sex feminin - Abogados Marin Pasalodos<\/title>\n<meta name=\"description\" content=\"De\u0219i carantina este eficienta pentru a reduce num\u0103rul de contagiati, acest lucru a condus si la cresterea num\u0103rului de victime ale violentei de gen\" \/>\n<meta name=\"robots\" content=\"index, follow, max-snippet:-1, max-image-preview:large, max-video-preview:-1\" \/>\n<link rel=\"canonical\" href=\"https:\/\/www.marinpasalodos.com\/ro\/violenta-gen-majoritatea-victimelor-sunt-de-sex-feminin\/\" \/>\n<meta property=\"og:locale\" content=\"ro_RO\" \/>\n<meta property=\"og:type\" content=\"article\" \/>\n<meta property=\"og:title\" content=\"Violenta de gen: majoritatea victimelor sunt de sex feminin - Abogados Marin Pasalodos\" \/>\n<meta property=\"og:description\" content=\"De\u0219i carantina este eficienta pentru a reduce num\u0103rul de contagiati, acest lucru a condus si la cresterea num\u0103rului de victime ale violentei de gen\" \/>\n<meta property=\"og:url\" content=\"https:\/\/www.marinpasalodos.com\/ro\/violenta-gen-majoritatea-victimelor-sunt-de-sex-feminin\/\" \/>\n<meta property=\"og:site_name\" content=\"Abogados Marin Pasalodos\" \/>\n<meta property=\"article:published_time\" content=\"2020-04-09T09:10:41+00:00\" \/>\n<meta property=\"article:modified_time\" content=\"2020-04-09T09:16:47+00:00\" \/>\n<meta property=\"og:image\" content=\"https:\/\/www.marinpasalodos.com\/wp-content\/uploads\/2017\/05\/acoso-stalking.png\" \/>\n<meta name=\"author\" content=\"Marin Pasalodos\" \/>\n<meta name=\"twitter:label1\" content=\"Scris de\" \/>\n\t<meta name=\"twitter:data1\" content=\"Marin Pasalodos\" \/>\n\t<meta name=\"twitter:label2\" content=\"Timp estimat pentru citire\" \/>\n\t<meta name=\"twitter:data2\" content=\"4 minute\" \/>\n<script type=\"application\/ld+json\" class=\"yoast-schema-graph\">{\"@context\":\"https:\\\/\\\/schema.org\",\"@graph\":[{\"@type\":\"Article\",\"@id\":\"https:\\\/\\\/www.marinpasalodos.com\\\/ro\\\/violenta-gen-majoritatea-victimelor-sunt-de-sex-feminin\\\/#article\",\"isPartOf\":{\"@id\":\"https:\\\/\\\/www.marinpasalodos.com\\\/ro\\\/violenta-gen-majoritatea-victimelor-sunt-de-sex-feminin\\\/\"},\"author\":{\"name\":\"Marin Pasalodos\",\"@id\":\"https:\\\/\\\/www.marinpasalodos.com\\\/#\\\/schema\\\/person\\\/a7cd50af82f7eb6620b15e4bfcc71eae\"},\"headline\":\"Violenta de gen: majoritatea victimelor sunt de sex feminin\",\"datePublished\":\"2020-04-09T09:10:41+00:00\",\"dateModified\":\"2020-04-09T09:16:47+00:00\",\"mainEntityOfPage\":{\"@id\":\"https:\\\/\\\/www.marinpasalodos.com\\\/ro\\\/violenta-gen-majoritatea-victimelor-sunt-de-sex-feminin\\\/\"},\"wordCount\":845,\"commentCount\":0,\"image\":{\"@id\":\"https:\\\/\\\/www.marinpasalodos.com\\\/ro\\\/violenta-gen-majoritatea-victimelor-sunt-de-sex-feminin\\\/#primaryimage\"},\"thumbnailUrl\":\"https:\\\/\\\/www.marinpasalodos.com\\\/wp-content\\\/uploads\\\/2017\\\/05\\\/acoso-stalking.png\",\"articleSection\":[\"Blog\"],\"inLanguage\":\"ro-RO\",\"potentialAction\":[{\"@type\":\"CommentAction\",\"name\":\"Comment\",\"target\":[\"https:\\\/\\\/www.marinpasalodos.com\\\/ro\\\/violenta-gen-majoritatea-victimelor-sunt-de-sex-feminin\\\/#respond\"]}]},{\"@type\":\"WebPage\",\"@id\":\"https:\\\/\\\/www.marinpasalodos.com\\\/ro\\\/violenta-gen-majoritatea-victimelor-sunt-de-sex-feminin\\\/\",\"url\":\"https:\\\/\\\/www.marinpasalodos.com\\\/ro\\\/violenta-gen-majoritatea-victimelor-sunt-de-sex-feminin\\\/\",\"name\":\"Violenta de gen: majoritatea victimelor sunt de sex feminin - Abogados Marin Pasalodos\",\"isPartOf\":{\"@id\":\"https:\\\/\\\/www.marinpasalodos.com\\\/#website\"},\"primaryImageOfPage\":{\"@id\":\"https:\\\/\\\/www.marinpasalodos.com\\\/ro\\\/violenta-gen-majoritatea-victimelor-sunt-de-sex-feminin\\\/#primaryimage\"},\"image\":{\"@id\":\"https:\\\/\\\/www.marinpasalodos.com\\\/ro\\\/violenta-gen-majoritatea-victimelor-sunt-de-sex-feminin\\\/#primaryimage\"},\"thumbnailUrl\":\"https:\\\/\\\/www.marinpasalodos.com\\\/wp-content\\\/uploads\\\/2017\\\/05\\\/acoso-stalking.png\",\"datePublished\":\"2020-04-09T09:10:41+00:00\",\"dateModified\":\"2020-04-09T09:16:47+00:00\",\"author\":{\"@id\":\"https:\\\/\\\/www.marinpasalodos.com\\\/#\\\/schema\\\/person\\\/a7cd50af82f7eb6620b15e4bfcc71eae\"},\"description\":\"De\u0219i carantina este eficienta pentru a reduce num\u0103rul de contagiati, acest lucru a condus si la cresterea num\u0103rului de victime ale violentei de gen\",\"breadcrumb\":{\"@id\":\"https:\\\/\\\/www.marinpasalodos.com\\\/ro\\\/violenta-gen-majoritatea-victimelor-sunt-de-sex-feminin\\\/#breadcrumb\"},\"inLanguage\":\"ro-RO\",\"potentialAction\":[{\"@type\":\"ReadAction\",\"target\":[\"https:\\\/\\\/www.marinpasalodos.com\\\/ro\\\/violenta-gen-majoritatea-victimelor-sunt-de-sex-feminin\\\/\"]}]},{\"@type\":\"ImageObject\",\"inLanguage\":\"ro-RO\",\"@id\":\"https:\\\/\\\/www.marinpasalodos.com\\\/ro\\\/violenta-gen-majoritatea-victimelor-sunt-de-sex-feminin\\\/#primaryimage\",\"url\":\"https:\\\/\\\/www.marinpasalodos.com\\\/wp-content\\\/uploads\\\/2017\\\/05\\\/acoso-stalking.png\",\"contentUrl\":\"https:\\\/\\\/www.marinpasalodos.com\\\/wp-content\\\/uploads\\\/2017\\\/05\\\/acoso-stalking.png\"},{\"@type\":\"BreadcrumbList\",\"@id\":\"https:\\\/\\\/www.marinpasalodos.com\\\/ro\\\/violenta-gen-majoritatea-victimelor-sunt-de-sex-feminin\\\/#breadcrumb\",\"itemListElement\":[{\"@type\":\"ListItem\",\"position\":1,\"name\":\"Home\",\"item\":\"https:\\\/\\\/www.marinpasalodos.com\\\/ro\\\/\"},{\"@type\":\"ListItem\",\"position\":2,\"name\":\"Violenta de gen: majoritatea victimelor sunt de sex feminin\"}]},{\"@type\":\"WebSite\",\"@id\":\"https:\\\/\\\/www.marinpasalodos.com\\\/#website\",\"url\":\"https:\\\/\\\/www.marinpasalodos.com\\\/\",\"name\":\"Abogados Marin Pasalodos\",\"description\":\"Bufete de abogados en Barcelona Marin\",\"potentialAction\":[{\"@type\":\"SearchAction\",\"target\":{\"@type\":\"EntryPoint\",\"urlTemplate\":\"https:\\\/\\\/www.marinpasalodos.com\\\/?s={search_term_string}\"},\"query-input\":{\"@type\":\"PropertyValueSpecification\",\"valueRequired\":true,\"valueName\":\"search_term_string\"}}],\"inLanguage\":\"ro-RO\"},{\"@type\":\"Person\",\"@id\":\"https:\\\/\\\/www.marinpasalodos.com\\\/#\\\/schema\\\/person\\\/a7cd50af82f7eb6620b15e4bfcc71eae\",\"name\":\"Marin Pasalodos\",\"url\":\"https:\\\/\\\/www.marinpasalodos.com\\\/ro\\\/author\\\/xenesis\\\/\"}]}<\/script>\n<!-- \/ Yoast SEO plugin. -->","yoast_head_json":{"title":"Violenta de gen: majoritatea victimelor sunt de sex feminin - Abogados Marin Pasalodos","description":"De\u0219i carantina este eficienta pentru a reduce num\u0103rul de contagiati, acest lucru a condus si la cresterea num\u0103rului de victime ale violentei de gen","robots":{"index":"index","follow":"follow","max-snippet":"max-snippet:-1","max-image-preview":"max-image-preview:large","max-video-preview":"max-video-preview:-1"},"canonical":"https:\/\/www.marinpasalodos.com\/ro\/violenta-gen-majoritatea-victimelor-sunt-de-sex-feminin\/","og_locale":"ro_RO","og_type":"article","og_title":"Violenta de gen: majoritatea victimelor sunt de sex feminin - Abogados Marin Pasalodos","og_description":"De\u0219i carantina este eficienta pentru a reduce num\u0103rul de contagiati, acest lucru a condus si la cresterea num\u0103rului de victime ale violentei de gen","og_url":"https:\/\/www.marinpasalodos.com\/ro\/violenta-gen-majoritatea-victimelor-sunt-de-sex-feminin\/","og_site_name":"Abogados Marin Pasalodos","article_published_time":"2020-04-09T09:10:41+00:00","article_modified_time":"2020-04-09T09:16:47+00:00","og_image":[{"url":"https:\/\/www.marinpasalodos.com\/wp-content\/uploads\/2017\/05\/acoso-stalking.png","type":"","width":"","height":""}],"author":"Marin Pasalodos","twitter_misc":{"Scris de":"Marin Pasalodos","Timp estimat pentru citire":"4 minute"},"schema":{"@context":"https:\/\/schema.org","@graph":[{"@type":"Article","@id":"https:\/\/www.marinpasalodos.com\/ro\/violenta-gen-majoritatea-victimelor-sunt-de-sex-feminin\/#article","isPartOf":{"@id":"https:\/\/www.marinpasalodos.com\/ro\/violenta-gen-majoritatea-victimelor-sunt-de-sex-feminin\/"},"author":{"name":"Marin Pasalodos","@id":"https:\/\/www.marinpasalodos.com\/#\/schema\/person\/a7cd50af82f7eb6620b15e4bfcc71eae"},"headline":"Violenta de gen: majoritatea victimelor sunt de sex feminin","datePublished":"2020-04-09T09:10:41+00:00","dateModified":"2020-04-09T09:16:47+00:00","mainEntityOfPage":{"@id":"https:\/\/www.marinpasalodos.com\/ro\/violenta-gen-majoritatea-victimelor-sunt-de-sex-feminin\/"},"wordCount":845,"commentCount":0,"image":{"@id":"https:\/\/www.marinpasalodos.com\/ro\/violenta-gen-majoritatea-victimelor-sunt-de-sex-feminin\/#primaryimage"},"thumbnailUrl":"https:\/\/www.marinpasalodos.com\/wp-content\/uploads\/2017\/05\/acoso-stalking.png","articleSection":["Blog"],"inLanguage":"ro-RO","potentialAction":[{"@type":"CommentAction","name":"Comment","target":["https:\/\/www.marinpasalodos.com\/ro\/violenta-gen-majoritatea-victimelor-sunt-de-sex-feminin\/#respond"]}]},{"@type":"WebPage","@id":"https:\/\/www.marinpasalodos.com\/ro\/violenta-gen-majoritatea-victimelor-sunt-de-sex-feminin\/","url":"https:\/\/www.marinpasalodos.com\/ro\/violenta-gen-majoritatea-victimelor-sunt-de-sex-feminin\/","name":"Violenta de gen: majoritatea victimelor sunt de sex feminin - Abogados Marin Pasalodos","isPartOf":{"@id":"https:\/\/www.marinpasalodos.com\/#website"},"primaryImageOfPage":{"@id":"https:\/\/www.marinpasalodos.com\/ro\/violenta-gen-majoritatea-victimelor-sunt-de-sex-feminin\/#primaryimage"},"image":{"@id":"https:\/\/www.marinpasalodos.com\/ro\/violenta-gen-majoritatea-victimelor-sunt-de-sex-feminin\/#primaryimage"},"thumbnailUrl":"https:\/\/www.marinpasalodos.com\/wp-content\/uploads\/2017\/05\/acoso-stalking.png","datePublished":"2020-04-09T09:10:41+00:00","dateModified":"2020-04-09T09:16:47+00:00","author":{"@id":"https:\/\/www.marinpasalodos.com\/#\/schema\/person\/a7cd50af82f7eb6620b15e4bfcc71eae"},"description":"De\u0219i carantina este eficienta pentru a reduce num\u0103rul de contagiati, acest lucru a condus si la cresterea num\u0103rului de victime ale violentei de gen","breadcrumb":{"@id":"https:\/\/www.marinpasalodos.com\/ro\/violenta-gen-majoritatea-victimelor-sunt-de-sex-feminin\/#breadcrumb"},"inLanguage":"ro-RO","potentialAction":[{"@type":"ReadAction","target":["https:\/\/www.marinpasalodos.com\/ro\/violenta-gen-majoritatea-victimelor-sunt-de-sex-feminin\/"]}]},{"@type":"ImageObject","inLanguage":"ro-RO","@id":"https:\/\/www.marinpasalodos.com\/ro\/violenta-gen-majoritatea-victimelor-sunt-de-sex-feminin\/#primaryimage","url":"https:\/\/www.marinpasalodos.com\/wp-content\/uploads\/2017\/05\/acoso-stalking.png","contentUrl":"https:\/\/www.marinpasalodos.com\/wp-content\/uploads\/2017\/05\/acoso-stalking.png"},{"@type":"BreadcrumbList","@id":"https:\/\/www.marinpasalodos.com\/ro\/violenta-gen-majoritatea-victimelor-sunt-de-sex-feminin\/#breadcrumb","itemListElement":[{"@type":"ListItem","position":1,"name":"Home","item":"https:\/\/www.marinpasalodos.com\/ro\/"},{"@type":"ListItem","position":2,"name":"Violenta de gen: majoritatea victimelor sunt de sex feminin"}]},{"@type":"WebSite","@id":"https:\/\/www.marinpasalodos.com\/#website","url":"https:\/\/www.marinpasalodos.com\/","name":"Abogados Marin Pasalodos","description":"Bufete de abogados en Barcelona Marin","potentialAction":[{"@type":"SearchAction","target":{"@type":"EntryPoint","urlTemplate":"https:\/\/www.marinpasalodos.com\/?s={search_term_string}"},"query-input":{"@type":"PropertyValueSpecification","valueRequired":true,"valueName":"search_term_string"}}],"inLanguage":"ro-RO"},{"@type":"Person","@id":"https:\/\/www.marinpasalodos.com\/#\/schema\/person\/a7cd50af82f7eb6620b15e4bfcc71eae","name":"Marin Pasalodos","url":"https:\/\/www.marinpasalodos.com\/ro\/author\/xenesis\/"}]}},"_links":{"self":[{"href":"https:\/\/www.marinpasalodos.com\/ro\/wp-json\/wp\/v2\/posts\/29079","targetHints":{"allow":["GET"]}}],"collection":[{"href":"https:\/\/www.marinpasalodos.com\/ro\/wp-json\/wp\/v2\/posts"}],"about":[{"href":"https:\/\/www.marinpasalodos.com\/ro\/wp-json\/wp\/v2\/types\/post"}],"author":[{"embeddable":true,"href":"https:\/\/www.marinpasalodos.com\/ro\/wp-json\/wp\/v2\/users\/3"}],"replies":[{"embeddable":true,"href":"https:\/\/www.marinpasalodos.com\/ro\/wp-json\/wp\/v2\/comments?post=29079"}],"version-history":[{"count":2,"href":"https:\/\/www.marinpasalodos.com\/ro\/wp-json\/wp\/v2\/posts\/29079\/revisions"}],"predecessor-version":[{"id":29081,"href":"https:\/\/www.marinpasalodos.com\/ro\/wp-json\/wp\/v2\/posts\/29079\/revisions\/29081"}],"wp:attachment":[{"href":"https:\/\/www.marinpasalodos.com\/ro\/wp-json\/wp\/v2\/media?parent=29079"}],"wp:term":[{"taxonomy":"category","embeddable":true,"href":"https:\/\/www.marinpasalodos.com\/ro\/wp-json\/wp\/v2\/categories?post=29079"},{"taxonomy":"post_tag","embeddable":true,"href":"https:\/\/www.marinpasalodos.com\/ro\/wp-json\/wp\/v2\/tags?post=29079"}],"curies":[{"name":"wp","href":"https:\/\/api.w.org\/{rel}","templated":true}]}}