{"id":29086,"date":"2020-04-13T08:20:04","date_gmt":"2020-04-13T08:20:04","guid":{"rendered":"https:\/\/www.marinpasalodos.com\/sunt-obligat-sa-platesc-taxa-lunara-la-gradinita-copilului-pe-timpul-starii-de-urgenta\/"},"modified":"2020-04-13T08:27:41","modified_gmt":"2020-04-13T08:27:41","slug":"sunt-obligat-sa-platesc-taxa-lunara-la-gradinita-copilului-pe-timpul-starii-de-urgenta","status":"publish","type":"post","link":"https:\/\/www.marinpasalodos.com\/ro\/sunt-obligat-sa-platesc-taxa-lunara-la-gradinita-copilului-pe-timpul-starii-de-urgenta\/","title":{"rendered":"Sunt obligat sa pl\u0103tesc taxa lunar\u0103 la gr\u0103dini\u021ba copilului pe timpul st\u0103rii de urgent\u0103?"},"content":{"rendered":"<p>Decretul Guvernului Spaniol nr. 11\/2020 din data de 31 martie prin care se adopta m\u0103suri urgente complementare in sectorul social \u0219i economic in contextul COVID-19 stabile\u0219te \u00een articolul 36 c\u0103 \u00een contractele de prest\u0103ri servicii de caracter succesiv se suspenda plata taxelor pana c\u00e2nd serviciul va putea fi prestat din nou in condi\u021biile obi\u0219nuite; de asemenea, contractul NU se reziliaz\u0103, deci acesta r\u0103m\u00e2ne valabil. A\u0219adar, p\u0103rin\u021bii care au copiii minori \u00eenscri\u0219i la gr\u0103dini\u021ba privat\u0103 nu sunt obliga\u021bi sa achite cotele lunare, astfel cum precizeaz\u0103 reglementarile legale: \u00eencep\u00e2nd cu luna aprilie 2020 \u0219i pana c\u00e2nd starea de urgent\u0103 va lua sf\u00e2r\u0219it nu se pl\u0103tesc taxele pentru serviciile neprestate.<!--more--><\/p>\n<p>Ce solu\u021bii pot oferi gr\u0103dini\u021bele, s\u0103lile de gimnastica sau academiile de activit\u0103\u021bi infantile?<br \/>\n\u2043 Acestea pot oferi posibilitatea de recuperare in viitor a serviciilor neprestate acum, iar in cazul in care beneficiarul nu accepta aceasta varianta:<\/p>\n<p>1. Trebuie sa returneze taxele \u00eencasate, propor\u021bional cu perioada in care nu s-au prestat serviciile din cauza pandemiei\u00a0 <a href=\"https:\/\/www.marinpasalodos.com\/wp-content\/uploads\/2017\/04\/casa-vivienda-barcelona.jpg\"><img decoding=\"async\" class=\"alignright size-full wp-image-27360\" src=\"https:\/\/www.marinpasalodos.com\/wp-content\/uploads\/2017\/04\/casa-vivienda-barcelona.jpg\" alt=\"\" width=\"350\" height=\"310\" srcset=\"https:\/\/www.marinpasalodos.com\/wp-content\/uploads\/2017\/04\/casa-vivienda-barcelona-300x266.jpg 300w, https:\/\/www.marinpasalodos.com\/wp-content\/uploads\/2017\/04\/casa-vivienda-barcelona.jpg 350w\" sizes=\"(max-width: 350px) 100vw, 350px\" \/><\/a>coronavirus, sau<br \/>\n2. Dac\u0103 beneficiarul serviciului accepta, se poate reduce taxa pe durata acestei perioade. Din acest motiv, multe gr\u0103dini\u021be private \u0219i-au manifestat teama ca se vor putea \u00eenchide pentru ca nu vor avea resurse economice sa \u00ee\u0219i achite cheltuielile. Astfel, acestea vin \u0219i cu propuneri precum plata unei &#8222;taxe voluntare&#8221;, la liber\u0103 alegere a beneficiarului serviciului, in func\u021bie de posibilit\u0103\u021bile financiare ale fiec\u0103rei familii.<\/p>\n<p>Consilierul educa\u021biei Josep Bargall\u00f3 sus\u021bine c\u0103 ,,intr-adev\u0103r, \u00eenchiderea gr\u0103dini\u021belor private genereaz\u0103 o problema, trebuie sa fie ajutate, dar nu de c\u0103tre Departamentul de educa\u021bie ci de c\u0103tre Guvern&#8221;. Mai afirma ca lucreaz\u0103 la un proiect pentru a oferi mici subven\u021bii acestora, \u00eens\u0103 &#8222;statul este cel care a stabilit ca taxele nu trebuiesc pl\u0103tite, deci tot statul ar trebui sa fie cel care vine cu o solu\u021bie&#8221;.<\/p>\n<h2>Cotele achitate pentru luna martie se vor deconta beneficiarilor<\/h2>\n<p>In ceea ce prive\u0219te sectorul public, gr\u0103dini\u021bele publice din Barcelona NU vor percepe nici acestea taxe pana la redeschidere, a anun\u021bat Institutul municipal al educa\u021biei din Barcelona (IMEB); acesta a mai precizat ca nu se vor percepe nici taxele de \u0219colarizare, nici cele de cantin\u0103 pana la reluarea cursurilor. In plus, cotele achitate pentru luna martie se vor deconta beneficiarilor, propor\u021bional cu zilele in care activitatea nu s-a desf\u0103\u0219urat.<\/p>\n<p>Pe de alta parte, in ceea ce prive\u0219te colegiile publice, concertate \u0219i private, reglementarile legale stabilesc ca ,,activit\u0103\u021bile educative se desf\u0103\u0219oar\u0103 in continuare de la distan\u021b\u0103, prin intermediul platformelor online, atunci c\u00e2nd acest lucru e posibil&#8221;, deci acestea pot \u00eencasa in continuare taxele aferente \u0219colariz\u0103rii. Evident, acest lucru nu e realizabil pentru minorii de 3 ani, deci se explica neachitarea taxelor.<\/p>\n<p>In concluzie, p\u0103rin\u021bii nu sunt obliga\u021bi sa continue plata cotelor lunare de gr\u0103dini\u021ba publica\/privat\u0103 pe perioada starii de urgent\u0103, c\u00e2t timp niciun serviciu nu este prestat.<\/p>\n<p>Daca doriti sa aflati mai multe informatii despre noutatile legislative din perioada starii de urgent\u0103, sau v\u0103 afla\u021bi \u00eentr-o situa\u021bie \u00een care considerati ca ave\u021bi nevoie de avocat, respectiv de \u00eendrumare juridic\u0103, nu ezita\u021bi s\u0103 ne contacta\u021bi. Echipa biroului de <a href=\"\/ro\/\">avoca\u021bi rom\u00e2ni din Barcelona<\/a> este specializat\u0103 \u00een <a href=\"https:\/\/www.marinpasalodos.com\/ro\/specializari-in-drept\/avocati-specializati-in-dreptul-penal\/\">drept penal<\/a>, <a href=\"https:\/\/www.marinpasalodos.com\/ro\/specializari-in-drept\/avocati-specializati-in-dreptul-civil\/\">drept civil<\/a> \u0219i <a href=\"https:\/\/www.marinpasalodos.com\/ro\/specializari-in-drept\/avocati-specializati-in-dreptul-muncii\/\">dreptul muncii<\/a> \u0219i depune toate diligentele necesare pentru a va ob\u021bine un rezultat care sa va satisfac\u0103. Ne pute\u021bi contacta la num\u0103rul de telefon (0034) 932006766, sau la adresa de e-mail secretaria@marinpasalodos.com. V\u0103 mul\u021bumim pentru \u00eencrederea acordat\u0103!<\/p>\n","protected":false},"excerpt":{"rendered":"<p>Decretul Guvernului Spaniol nr. 11\/2020 din data de 31 martie prin care se adopta m\u0103suri urgente complementare in sectorul social \u0219i economic in contextul COVID-19 stabile\u0219te \u00een articolul 36 c\u0103 \u00een contractele de prest\u0103ri servicii de caracter succesiv se suspenda plata taxelor pana c\u00e2nd serviciul va putea fi prestat din nou in condi\u021biile obi\u0219nuite; de  [&#8230;]<\/p>\n","protected":false},"author":3,"featured_media":0,"comment_status":"open","ping_status":"open","sticky":false,"template":"","format":"standard","meta":{"footnotes":""},"categories":[18],"tags":[],"class_list":["post-29086","post","type-post","status-publish","format-standard","hentry","category-blog-ro"],"yoast_head":"<!-- This site is optimized with the Yoast SEO plugin v27.4 - https:\/\/yoast.com\/product\/yoast-seo-wordpress\/ -->\n<title>Sunt obligat sa pl\u0103tesc taxa lunar\u0103 la gr\u0103dini\u021ba copilului pe timpul st\u0103rii de urgent\u0103? - Abogados Marin Pasalodos<\/title>\n<meta name=\"description\" content=\"\u00cen contractele succesive de tractare, \u00eencasarea de noi taxe va fi oprit\u0103 p\u00e2n\u0103 c\u00e2nd serviciul poate reveni la serviciul normal; contractul nu este reziliat\" \/>\n<meta name=\"robots\" content=\"index, follow, max-snippet:-1, max-image-preview:large, max-video-preview:-1\" \/>\n<link rel=\"canonical\" href=\"https:\/\/www.marinpasalodos.com\/ro\/sunt-obligat-sa-platesc-taxa-lunara-la-gradinita-copilului-pe-timpul-starii-de-urgenta\/\" \/>\n<meta property=\"og:locale\" content=\"ro_RO\" \/>\n<meta property=\"og:type\" content=\"article\" \/>\n<meta property=\"og:title\" content=\"Sunt obligat sa pl\u0103tesc taxa lunar\u0103 la gr\u0103dini\u021ba copilului pe timpul st\u0103rii de urgent\u0103? - Abogados Marin Pasalodos\" \/>\n<meta property=\"og:description\" content=\"\u00cen contractele succesive de tractare, \u00eencasarea de noi taxe va fi oprit\u0103 p\u00e2n\u0103 c\u00e2nd serviciul poate reveni la serviciul normal; contractul nu este reziliat\" \/>\n<meta property=\"og:url\" content=\"https:\/\/www.marinpasalodos.com\/ro\/sunt-obligat-sa-platesc-taxa-lunara-la-gradinita-copilului-pe-timpul-starii-de-urgenta\/\" \/>\n<meta property=\"og:site_name\" content=\"Abogados Marin Pasalodos\" \/>\n<meta property=\"article:published_time\" content=\"2020-04-13T08:20:04+00:00\" \/>\n<meta property=\"article:modified_time\" content=\"2020-04-13T08:27:41+00:00\" \/>\n<meta property=\"og:image\" content=\"https:\/\/www.marinpasalodos.com\/wp-content\/uploads\/2017\/04\/casa-vivienda-barcelona.jpg\" \/>\n<meta name=\"author\" content=\"Marin Pasalodos\" \/>\n<meta name=\"twitter:label1\" content=\"Scris de\" \/>\n\t<meta name=\"twitter:data1\" content=\"Marin Pasalodos\" \/>\n\t<meta name=\"twitter:label2\" content=\"Timp estimat pentru citire\" \/>\n\t<meta name=\"twitter:data2\" content=\"3 minute\" \/>\n<script type=\"application\/ld+json\" class=\"yoast-schema-graph\">{\"@context\":\"https:\\\/\\\/schema.org\",\"@graph\":[{\"@type\":\"Article\",\"@id\":\"https:\\\/\\\/www.marinpasalodos.com\\\/ro\\\/sunt-obligat-sa-platesc-taxa-lunara-la-gradinita-copilului-pe-timpul-starii-de-urgenta\\\/#article\",\"isPartOf\":{\"@id\":\"https:\\\/\\\/www.marinpasalodos.com\\\/ro\\\/sunt-obligat-sa-platesc-taxa-lunara-la-gradinita-copilului-pe-timpul-starii-de-urgenta\\\/\"},\"author\":{\"name\":\"Marin Pasalodos\",\"@id\":\"https:\\\/\\\/www.marinpasalodos.com\\\/#\\\/schema\\\/person\\\/a7cd50af82f7eb6620b15e4bfcc71eae\"},\"headline\":\"Sunt obligat sa pl\u0103tesc taxa lunar\u0103 la gr\u0103dini\u021ba copilului pe timpul st\u0103rii de urgent\u0103?\",\"datePublished\":\"2020-04-13T08:20:04+00:00\",\"dateModified\":\"2020-04-13T08:27:41+00:00\",\"mainEntityOfPage\":{\"@id\":\"https:\\\/\\\/www.marinpasalodos.com\\\/ro\\\/sunt-obligat-sa-platesc-taxa-lunara-la-gradinita-copilului-pe-timpul-starii-de-urgenta\\\/\"},\"wordCount\":628,\"commentCount\":0,\"image\":{\"@id\":\"https:\\\/\\\/www.marinpasalodos.com\\\/ro\\\/sunt-obligat-sa-platesc-taxa-lunara-la-gradinita-copilului-pe-timpul-starii-de-urgenta\\\/#primaryimage\"},\"thumbnailUrl\":\"https:\\\/\\\/www.marinpasalodos.com\\\/wp-content\\\/uploads\\\/2017\\\/04\\\/casa-vivienda-barcelona.jpg\",\"articleSection\":[\"Blog\"],\"inLanguage\":\"ro-RO\",\"potentialAction\":[{\"@type\":\"CommentAction\",\"name\":\"Comment\",\"target\":[\"https:\\\/\\\/www.marinpasalodos.com\\\/ro\\\/sunt-obligat-sa-platesc-taxa-lunara-la-gradinita-copilului-pe-timpul-starii-de-urgenta\\\/#respond\"]}]},{\"@type\":\"WebPage\",\"@id\":\"https:\\\/\\\/www.marinpasalodos.com\\\/ro\\\/sunt-obligat-sa-platesc-taxa-lunara-la-gradinita-copilului-pe-timpul-starii-de-urgenta\\\/\",\"url\":\"https:\\\/\\\/www.marinpasalodos.com\\\/ro\\\/sunt-obligat-sa-platesc-taxa-lunara-la-gradinita-copilului-pe-timpul-starii-de-urgenta\\\/\",\"name\":\"Sunt obligat sa pl\u0103tesc taxa lunar\u0103 la gr\u0103dini\u021ba copilului pe timpul st\u0103rii de urgent\u0103? - Abogados Marin Pasalodos\",\"isPartOf\":{\"@id\":\"https:\\\/\\\/www.marinpasalodos.com\\\/#website\"},\"primaryImageOfPage\":{\"@id\":\"https:\\\/\\\/www.marinpasalodos.com\\\/ro\\\/sunt-obligat-sa-platesc-taxa-lunara-la-gradinita-copilului-pe-timpul-starii-de-urgenta\\\/#primaryimage\"},\"image\":{\"@id\":\"https:\\\/\\\/www.marinpasalodos.com\\\/ro\\\/sunt-obligat-sa-platesc-taxa-lunara-la-gradinita-copilului-pe-timpul-starii-de-urgenta\\\/#primaryimage\"},\"thumbnailUrl\":\"https:\\\/\\\/www.marinpasalodos.com\\\/wp-content\\\/uploads\\\/2017\\\/04\\\/casa-vivienda-barcelona.jpg\",\"datePublished\":\"2020-04-13T08:20:04+00:00\",\"dateModified\":\"2020-04-13T08:27:41+00:00\",\"author\":{\"@id\":\"https:\\\/\\\/www.marinpasalodos.com\\\/#\\\/schema\\\/person\\\/a7cd50af82f7eb6620b15e4bfcc71eae\"},\"description\":\"\u00cen contractele succesive de tractare, \u00eencasarea de noi taxe va fi oprit\u0103 p\u00e2n\u0103 c\u00e2nd serviciul poate reveni la serviciul normal; contractul nu este reziliat\",\"breadcrumb\":{\"@id\":\"https:\\\/\\\/www.marinpasalodos.com\\\/ro\\\/sunt-obligat-sa-platesc-taxa-lunara-la-gradinita-copilului-pe-timpul-starii-de-urgenta\\\/#breadcrumb\"},\"inLanguage\":\"ro-RO\",\"potentialAction\":[{\"@type\":\"ReadAction\",\"target\":[\"https:\\\/\\\/www.marinpasalodos.com\\\/ro\\\/sunt-obligat-sa-platesc-taxa-lunara-la-gradinita-copilului-pe-timpul-starii-de-urgenta\\\/\"]}]},{\"@type\":\"ImageObject\",\"inLanguage\":\"ro-RO\",\"@id\":\"https:\\\/\\\/www.marinpasalodos.com\\\/ro\\\/sunt-obligat-sa-platesc-taxa-lunara-la-gradinita-copilului-pe-timpul-starii-de-urgenta\\\/#primaryimage\",\"url\":\"https:\\\/\\\/www.marinpasalodos.com\\\/wp-content\\\/uploads\\\/2017\\\/04\\\/casa-vivienda-barcelona.jpg\",\"contentUrl\":\"https:\\\/\\\/www.marinpasalodos.com\\\/wp-content\\\/uploads\\\/2017\\\/04\\\/casa-vivienda-barcelona.jpg\"},{\"@type\":\"BreadcrumbList\",\"@id\":\"https:\\\/\\\/www.marinpasalodos.com\\\/ro\\\/sunt-obligat-sa-platesc-taxa-lunara-la-gradinita-copilului-pe-timpul-starii-de-urgenta\\\/#breadcrumb\",\"itemListElement\":[{\"@type\":\"ListItem\",\"position\":1,\"name\":\"Home\",\"item\":\"https:\\\/\\\/www.marinpasalodos.com\\\/ro\\\/\"},{\"@type\":\"ListItem\",\"position\":2,\"name\":\"Sunt obligat sa pl\u0103tesc taxa lunar\u0103 la gr\u0103dini\u021ba copilului pe timpul st\u0103rii de urgent\u0103?\"}]},{\"@type\":\"WebSite\",\"@id\":\"https:\\\/\\\/www.marinpasalodos.com\\\/#website\",\"url\":\"https:\\\/\\\/www.marinpasalodos.com\\\/\",\"name\":\"Abogados Marin Pasalodos\",\"description\":\"Bufete de abogados en Barcelona Marin\",\"potentialAction\":[{\"@type\":\"SearchAction\",\"target\":{\"@type\":\"EntryPoint\",\"urlTemplate\":\"https:\\\/\\\/www.marinpasalodos.com\\\/?s={search_term_string}\"},\"query-input\":{\"@type\":\"PropertyValueSpecification\",\"valueRequired\":true,\"valueName\":\"search_term_string\"}}],\"inLanguage\":\"ro-RO\"},{\"@type\":\"Person\",\"@id\":\"https:\\\/\\\/www.marinpasalodos.com\\\/#\\\/schema\\\/person\\\/a7cd50af82f7eb6620b15e4bfcc71eae\",\"name\":\"Marin Pasalodos\",\"url\":\"https:\\\/\\\/www.marinpasalodos.com\\\/ro\\\/author\\\/xenesis\\\/\"}]}<\/script>\n<!-- \/ Yoast SEO plugin. -->","yoast_head_json":{"title":"Sunt obligat sa pl\u0103tesc taxa lunar\u0103 la gr\u0103dini\u021ba copilului pe timpul st\u0103rii de urgent\u0103? - Abogados Marin Pasalodos","description":"\u00cen contractele succesive de tractare, \u00eencasarea de noi taxe va fi oprit\u0103 p\u00e2n\u0103 c\u00e2nd serviciul poate reveni la serviciul normal; contractul nu este reziliat","robots":{"index":"index","follow":"follow","max-snippet":"max-snippet:-1","max-image-preview":"max-image-preview:large","max-video-preview":"max-video-preview:-1"},"canonical":"https:\/\/www.marinpasalodos.com\/ro\/sunt-obligat-sa-platesc-taxa-lunara-la-gradinita-copilului-pe-timpul-starii-de-urgenta\/","og_locale":"ro_RO","og_type":"article","og_title":"Sunt obligat sa pl\u0103tesc taxa lunar\u0103 la gr\u0103dini\u021ba copilului pe timpul st\u0103rii de urgent\u0103? - Abogados Marin Pasalodos","og_description":"\u00cen contractele succesive de tractare, \u00eencasarea de noi taxe va fi oprit\u0103 p\u00e2n\u0103 c\u00e2nd serviciul poate reveni la serviciul normal; contractul nu este reziliat","og_url":"https:\/\/www.marinpasalodos.com\/ro\/sunt-obligat-sa-platesc-taxa-lunara-la-gradinita-copilului-pe-timpul-starii-de-urgenta\/","og_site_name":"Abogados Marin Pasalodos","article_published_time":"2020-04-13T08:20:04+00:00","article_modified_time":"2020-04-13T08:27:41+00:00","og_image":[{"url":"https:\/\/www.marinpasalodos.com\/wp-content\/uploads\/2017\/04\/casa-vivienda-barcelona.jpg","type":"","width":"","height":""}],"author":"Marin Pasalodos","twitter_misc":{"Scris de":"Marin Pasalodos","Timp estimat pentru citire":"3 minute"},"schema":{"@context":"https:\/\/schema.org","@graph":[{"@type":"Article","@id":"https:\/\/www.marinpasalodos.com\/ro\/sunt-obligat-sa-platesc-taxa-lunara-la-gradinita-copilului-pe-timpul-starii-de-urgenta\/#article","isPartOf":{"@id":"https:\/\/www.marinpasalodos.com\/ro\/sunt-obligat-sa-platesc-taxa-lunara-la-gradinita-copilului-pe-timpul-starii-de-urgenta\/"},"author":{"name":"Marin Pasalodos","@id":"https:\/\/www.marinpasalodos.com\/#\/schema\/person\/a7cd50af82f7eb6620b15e4bfcc71eae"},"headline":"Sunt obligat sa pl\u0103tesc taxa lunar\u0103 la gr\u0103dini\u021ba copilului pe timpul st\u0103rii de urgent\u0103?","datePublished":"2020-04-13T08:20:04+00:00","dateModified":"2020-04-13T08:27:41+00:00","mainEntityOfPage":{"@id":"https:\/\/www.marinpasalodos.com\/ro\/sunt-obligat-sa-platesc-taxa-lunara-la-gradinita-copilului-pe-timpul-starii-de-urgenta\/"},"wordCount":628,"commentCount":0,"image":{"@id":"https:\/\/www.marinpasalodos.com\/ro\/sunt-obligat-sa-platesc-taxa-lunara-la-gradinita-copilului-pe-timpul-starii-de-urgenta\/#primaryimage"},"thumbnailUrl":"https:\/\/www.marinpasalodos.com\/wp-content\/uploads\/2017\/04\/casa-vivienda-barcelona.jpg","articleSection":["Blog"],"inLanguage":"ro-RO","potentialAction":[{"@type":"CommentAction","name":"Comment","target":["https:\/\/www.marinpasalodos.com\/ro\/sunt-obligat-sa-platesc-taxa-lunara-la-gradinita-copilului-pe-timpul-starii-de-urgenta\/#respond"]}]},{"@type":"WebPage","@id":"https:\/\/www.marinpasalodos.com\/ro\/sunt-obligat-sa-platesc-taxa-lunara-la-gradinita-copilului-pe-timpul-starii-de-urgenta\/","url":"https:\/\/www.marinpasalodos.com\/ro\/sunt-obligat-sa-platesc-taxa-lunara-la-gradinita-copilului-pe-timpul-starii-de-urgenta\/","name":"Sunt obligat sa pl\u0103tesc taxa lunar\u0103 la gr\u0103dini\u021ba copilului pe timpul st\u0103rii de urgent\u0103? - Abogados Marin Pasalodos","isPartOf":{"@id":"https:\/\/www.marinpasalodos.com\/#website"},"primaryImageOfPage":{"@id":"https:\/\/www.marinpasalodos.com\/ro\/sunt-obligat-sa-platesc-taxa-lunara-la-gradinita-copilului-pe-timpul-starii-de-urgenta\/#primaryimage"},"image":{"@id":"https:\/\/www.marinpasalodos.com\/ro\/sunt-obligat-sa-platesc-taxa-lunara-la-gradinita-copilului-pe-timpul-starii-de-urgenta\/#primaryimage"},"thumbnailUrl":"https:\/\/www.marinpasalodos.com\/wp-content\/uploads\/2017\/04\/casa-vivienda-barcelona.jpg","datePublished":"2020-04-13T08:20:04+00:00","dateModified":"2020-04-13T08:27:41+00:00","author":{"@id":"https:\/\/www.marinpasalodos.com\/#\/schema\/person\/a7cd50af82f7eb6620b15e4bfcc71eae"},"description":"\u00cen contractele succesive de tractare, \u00eencasarea de noi taxe va fi oprit\u0103 p\u00e2n\u0103 c\u00e2nd serviciul poate reveni la serviciul normal; contractul nu este reziliat","breadcrumb":{"@id":"https:\/\/www.marinpasalodos.com\/ro\/sunt-obligat-sa-platesc-taxa-lunara-la-gradinita-copilului-pe-timpul-starii-de-urgenta\/#breadcrumb"},"inLanguage":"ro-RO","potentialAction":[{"@type":"ReadAction","target":["https:\/\/www.marinpasalodos.com\/ro\/sunt-obligat-sa-platesc-taxa-lunara-la-gradinita-copilului-pe-timpul-starii-de-urgenta\/"]}]},{"@type":"ImageObject","inLanguage":"ro-RO","@id":"https:\/\/www.marinpasalodos.com\/ro\/sunt-obligat-sa-platesc-taxa-lunara-la-gradinita-copilului-pe-timpul-starii-de-urgenta\/#primaryimage","url":"https:\/\/www.marinpasalodos.com\/wp-content\/uploads\/2017\/04\/casa-vivienda-barcelona.jpg","contentUrl":"https:\/\/www.marinpasalodos.com\/wp-content\/uploads\/2017\/04\/casa-vivienda-barcelona.jpg"},{"@type":"BreadcrumbList","@id":"https:\/\/www.marinpasalodos.com\/ro\/sunt-obligat-sa-platesc-taxa-lunara-la-gradinita-copilului-pe-timpul-starii-de-urgenta\/#breadcrumb","itemListElement":[{"@type":"ListItem","position":1,"name":"Home","item":"https:\/\/www.marinpasalodos.com\/ro\/"},{"@type":"ListItem","position":2,"name":"Sunt obligat sa pl\u0103tesc taxa lunar\u0103 la gr\u0103dini\u021ba copilului pe timpul st\u0103rii de urgent\u0103?"}]},{"@type":"WebSite","@id":"https:\/\/www.marinpasalodos.com\/#website","url":"https:\/\/www.marinpasalodos.com\/","name":"Abogados Marin Pasalodos","description":"Bufete de abogados en Barcelona Marin","potentialAction":[{"@type":"SearchAction","target":{"@type":"EntryPoint","urlTemplate":"https:\/\/www.marinpasalodos.com\/?s={search_term_string}"},"query-input":{"@type":"PropertyValueSpecification","valueRequired":true,"valueName":"search_term_string"}}],"inLanguage":"ro-RO"},{"@type":"Person","@id":"https:\/\/www.marinpasalodos.com\/#\/schema\/person\/a7cd50af82f7eb6620b15e4bfcc71eae","name":"Marin Pasalodos","url":"https:\/\/www.marinpasalodos.com\/ro\/author\/xenesis\/"}]}},"_links":{"self":[{"href":"https:\/\/www.marinpasalodos.com\/ro\/wp-json\/wp\/v2\/posts\/29086","targetHints":{"allow":["GET"]}}],"collection":[{"href":"https:\/\/www.marinpasalodos.com\/ro\/wp-json\/wp\/v2\/posts"}],"about":[{"href":"https:\/\/www.marinpasalodos.com\/ro\/wp-json\/wp\/v2\/types\/post"}],"author":[{"embeddable":true,"href":"https:\/\/www.marinpasalodos.com\/ro\/wp-json\/wp\/v2\/users\/3"}],"replies":[{"embeddable":true,"href":"https:\/\/www.marinpasalodos.com\/ro\/wp-json\/wp\/v2\/comments?post=29086"}],"version-history":[{"count":5,"href":"https:\/\/www.marinpasalodos.com\/ro\/wp-json\/wp\/v2\/posts\/29086\/revisions"}],"predecessor-version":[{"id":29091,"href":"https:\/\/www.marinpasalodos.com\/ro\/wp-json\/wp\/v2\/posts\/29086\/revisions\/29091"}],"wp:attachment":[{"href":"https:\/\/www.marinpasalodos.com\/ro\/wp-json\/wp\/v2\/media?parent=29086"}],"wp:term":[{"taxonomy":"category","embeddable":true,"href":"https:\/\/www.marinpasalodos.com\/ro\/wp-json\/wp\/v2\/categories?post=29086"},{"taxonomy":"post_tag","embeddable":true,"href":"https:\/\/www.marinpasalodos.com\/ro\/wp-json\/wp\/v2\/tags?post=29086"}],"curies":[{"name":"wp","href":"https:\/\/api.w.org\/{rel}","templated":true}]}}