{"id":29104,"date":"2020-04-16T08:06:42","date_gmt":"2020-04-16T08:06:42","guid":{"rendered":"https:\/\/www.marinpasalodos.com\/?p=29104"},"modified":"2020-04-16T08:08:21","modified_gmt":"2020-04-16T08:08:21","slug":"concedierea-durata-starii-urgenta-consideratii-legale-poate-concedia-seful","status":"publish","type":"post","link":"https:\/\/www.marinpasalodos.com\/ro\/concedierea-durata-starii-urgenta-consideratii-legale-poate-concedia-seful\/","title":{"rendered":"Concedierea pe durata st\u0103rii de urgen\u021b\u0103 &#8211; considera\u021bii legale. M\u0103 poate concedia \u0219eful pe perioada st\u0103rii de urgen\u021b\u0103?"},"content":{"rendered":"<p>Pe l\u00e2ng\u0103 subiectele de interes pe dreptul muncii pe care le-am abordat in alte articole \u0219i pe care le pute\u021bi consulta acces\u00e2nd pagina noastr\u0103 web marinpasalodos.com, dorim sa l\u0103murim anumite aspecte juridice legate de situa\u021bia unui muncitor care, nefiindu-i aplicat \u0219omajul tehnic (ERTE in Spania), a fost concediat in aceasta perioada de criza. Trat\u0103m acest subiect \u00eentruc\u00e2t mul\u021bi clien\u021bi ai <a href=\"\/ro\/\">cabinetului nostru de avocatura din Barcelona<\/a> ne-au transmis ca nu au \u00een\u021beles clar ce drepturi au in aceasta situa\u021bie actual\u0103 excep\u021bional\u0103, \u0219i ce anume este legal sau nu.<!--more--><\/p>\n<p>In concret, r\u0103spunsul la \u00eentrebarea ,,Ma poate concedia \u0219eful pe perioada starii de urgent\u0103?&#8221; este oferit de articolul 2 din Decretul-Lege spaniol nr. 9\/2020 din data de 27 martie, prin care se adopta m\u0103suri complementare in materia dreptului muncii, pentru a diminua efectele nefaste ale pandemiei COVID-19 \u0219i care stabile\u0219te ca: ,,for\u021ba majora \u0219i motivele economice, tehnice, organizatorice \u0219i de produc\u021bie la care fac referire dispozi\u021biile legale privind suspendarea contractelor de munca din articolele 22 \u0219i 23 din Decretul-Lege 8\/2020 din 17 martie (adic\u0103 cele care sunt motivele unui \u0219omaj tehnic\/ERTE) NU constituie cauze justificative pentru \u00eencheierea contractului de munca sau pentru o concediere&#8221;.<\/p>\n<p>Dorim sa va explicam c\u00e2t mai clar faptul ca, in realitate, nu este vorba despre o imposibilitate de a fi concediat sau despre o <a href=\"https:\/\/www.marinpasalodos.com\/wp-content\/uploads\/2017\/05\/acoso-stalking.png\"><img decoding=\"async\" class=\"alignright wp-image-27398\" src=\"https:\/\/www.marinpasalodos.com\/wp-content\/uploads\/2017\/05\/acoso-stalking.png\" alt=\"acoso o stalking\" width=\"434\" height=\"273\" srcset=\"https:\/\/www.marinpasalodos.com\/wp-content\/uploads\/2017\/05\/acoso-stalking-300x189.png 300w, https:\/\/www.marinpasalodos.com\/wp-content\/uploads\/2017\/05\/acoso-stalking-500x314.png 500w, https:\/\/www.marinpasalodos.com\/wp-content\/uploads\/2017\/05\/acoso-stalking.png 700w\" sizes=\"(max-width: 434px) 100vw, 434px\" \/><\/a>ilegalitate a concedierii pe timpul starii de urgen\u021b\u0103, ci despre faptul ca ARGUMENTAREA\/MOTIVAREA CONCEDIERII in directa leg\u0103tura cu criza economic\u0103 provocat\u0103 de coronavirus NU JUSTIFICA O CAUZA LEGAL\u0102 DE CONCEDIERE. Pentru aceste motive, a\u0219a cum am mai explicat, exista solu\u021bia \u0219omajului tehnic \u0219i nicidecum a concedierii. \u00ceNS\u0102, angajatorul poate, pe perioada starii de urgent\u0103, sa concedieze salaria\u021bii pe alte motive legale, precum cel disciplinar. Desigur, mul\u021bi angajatori au \u00eencercat o &#8222;frauda la lege&#8221;, f\u0103c\u00e2nd concedieri pe motive disciplinare in aceasta perioada, c\u00e2nd defapt adevarata cauza era rela\u021bionat\u0103 cu pandemia; in acest caz, salariatul ar trebui sa fac\u0103 proba in justi\u021bie a inten\u021biei\/motiva\u021biei reale a ac\u021biunii angajatorului.<br \/>\nDe asemenea, este important de re\u021binut c\u0103 decretul la care am f\u0103cut referire NU are efecte retroactive, adic\u0103 aceste prevederi nu se aplica muncitorilor care au fost concedia\u021bi \u00eenainte de data intr\u0103rii sale in vigoare (28 martie 2020).<\/p>\n<h2>Ajutor de \u0219omaj exceptional<\/h2>\n<p>\u00cen aten\u021bia persoanelor concediate care aveau un contract de munca temporar\/ pe perioada determinata, articolul 33 din Decretul-lege nr. 11\/2020 stabile\u0219te ca \u0219i acestea pot ob\u021bine un ajutor de \u0219omaj excep\u021bional daca se inchide contractul de munca \u00eencheiat pe o perioada determinata de cel pu\u021bin 2 luni, \u00eens\u0103 doar in cazul in care acest lucru s-a \u00eent\u00e2mplat dup\u0103 intrarea in vigoare a Decretului-lege 463\/2020 din data de 14 martie prin care se declara starea de urgent\u0103; in plus, doar persoanele care nu \u00eendeplinesc condi\u021biile necesare pentru a solicita alt ajutor pot beneficia de aceasta m\u0103sura excep\u021bional\u0103.<\/p>\n<p>Daca doriti sa aflati mai multe informatii despre implicatiile juridice ale concedierii pe perioada starii de urgent\u0103, sau v\u0103 afla\u021bi \u00eentr-o situa\u021bie \u00een care considerati ca sunt aplicabile prevederile legale de dreptul muncii \u0219i ave\u021bi nevoie de avocat, respectiv de \u00eendrumare juridic\u0103, nu ezita\u021bi s\u0103 ne contacta\u021bi. Echipa cabinetului de avoca\u021bi din Barcelona este specializat\u0103 \u00een <a href=\"https:\/\/www.marinpasalodos.com\/ro\/specializari-in-drept\/avocati-specializati-in-dreptul-penal\/\">drept penal<\/a>, <a href=\"https:\/\/www.marinpasalodos.com\/ro\/specializari-in-drept\/avocati-specializati-in-dreptul-civil\/\">drept civil<\/a>, drept administrativ \u0219i <a href=\"https:\/\/www.marinpasalodos.com\/ro\/specializari-in-drept\/avocati-specializati-in-dreptul-muncii\/\">dreptul muncii<\/a> \u0219i depune toate diligentele necesare pentru a va ob\u021bine un rezultat care sa va satisfac\u0103. Ne pute\u021bi contacta la num\u0103rul de telefon (0034) 932006766, sau la adresa de e-mail secretaria@marinpasalodos.com. V\u0103 mul\u021bumim pentru \u00eencrederea acordat\u0103!<\/p>\n","protected":false},"excerpt":{"rendered":"<p>Pe l\u00e2ng\u0103 subiectele de interes pe dreptul muncii pe care le-am abordat in alte articole \u0219i pe care le pute\u021bi consulta acces\u00e2nd pagina noastr\u0103 web marinpasalodos.com, dorim sa l\u0103murim anumite aspecte juridice legate de situa\u021bia unui muncitor care, nefiindu-i aplicat \u0219omajul tehnic (ERTE in Spania), a fost concediat in aceasta perioada de criza. Trat\u0103m acest  [&#8230;]<\/p>\n","protected":false},"author":3,"featured_media":0,"comment_status":"open","ping_status":"open","sticky":false,"template":"","format":"standard","meta":{"footnotes":""},"categories":[18],"tags":[],"class_list":["post-29104","post","type-post","status-publish","format-standard","hentry","category-blog-ro"],"yoast_head":"<!-- This site is optimized with the Yoast SEO plugin v27.4 - https:\/\/yoast.com\/product\/yoast-seo-wordpress\/ -->\n<title>Concedierea pe durata st\u0103rii de urgen\u021b\u0103 - considera\u021bii legale. M\u0103 poate concedia \u0219eful pe perioada st\u0103rii de urgen\u021b\u0103?<\/title>\n<meta name=\"description\" content=\"Dorim sa l\u0103murim aspecte juridice legate de situa\u021bia unui muncitor care, nefiindu-i aplicat \u0219omajul tehnic (ERTE), a fost concediat in aceasta perioada\" \/>\n<meta name=\"robots\" content=\"index, follow, max-snippet:-1, max-image-preview:large, max-video-preview:-1\" \/>\n<link rel=\"canonical\" href=\"https:\/\/www.marinpasalodos.com\/ro\/concedierea-durata-starii-urgenta-consideratii-legale-poate-concedia-seful\/\" \/>\n<meta property=\"og:locale\" content=\"ro_RO\" \/>\n<meta property=\"og:type\" content=\"article\" \/>\n<meta property=\"og:title\" content=\"Concedierea pe durata st\u0103rii de urgen\u021b\u0103 - considera\u021bii legale. M\u0103 poate concedia \u0219eful pe perioada st\u0103rii de urgen\u021b\u0103?\" \/>\n<meta property=\"og:description\" content=\"Dorim sa l\u0103murim aspecte juridice legate de situa\u021bia unui muncitor care, nefiindu-i aplicat \u0219omajul tehnic (ERTE), a fost concediat in aceasta perioada\" \/>\n<meta property=\"og:url\" content=\"https:\/\/www.marinpasalodos.com\/ro\/concedierea-durata-starii-urgenta-consideratii-legale-poate-concedia-seful\/\" \/>\n<meta property=\"og:site_name\" content=\"Abogados Marin Pasalodos\" \/>\n<meta property=\"article:published_time\" content=\"2020-04-16T08:06:42+00:00\" \/>\n<meta property=\"article:modified_time\" content=\"2020-04-16T08:08:21+00:00\" \/>\n<meta property=\"og:image\" content=\"https:\/\/www.marinpasalodos.com\/wp-content\/uploads\/2017\/05\/acoso-stalking.png\" \/>\n<meta name=\"author\" content=\"Marin Pasalodos\" \/>\n<meta name=\"twitter:label1\" content=\"Scris de\" \/>\n\t<meta name=\"twitter:data1\" content=\"Marin Pasalodos\" \/>\n\t<meta name=\"twitter:label2\" content=\"Timp estimat pentru citire\" \/>\n\t<meta name=\"twitter:data2\" content=\"3 minute\" \/>\n<script type=\"application\/ld+json\" class=\"yoast-schema-graph\">{\"@context\":\"https:\\\/\\\/schema.org\",\"@graph\":[{\"@type\":\"Article\",\"@id\":\"https:\\\/\\\/www.marinpasalodos.com\\\/ro\\\/concedierea-durata-starii-urgenta-consideratii-legale-poate-concedia-seful\\\/#article\",\"isPartOf\":{\"@id\":\"https:\\\/\\\/www.marinpasalodos.com\\\/ro\\\/concedierea-durata-starii-urgenta-consideratii-legale-poate-concedia-seful\\\/\"},\"author\":{\"name\":\"Marin Pasalodos\",\"@id\":\"https:\\\/\\\/www.marinpasalodos.com\\\/#\\\/schema\\\/person\\\/a7cd50af82f7eb6620b15e4bfcc71eae\"},\"headline\":\"Concedierea pe durata st\u0103rii de urgen\u021b\u0103 &#8211; considera\u021bii legale. M\u0103 poate concedia \u0219eful pe perioada st\u0103rii de urgen\u021b\u0103?\",\"datePublished\":\"2020-04-16T08:06:42+00:00\",\"dateModified\":\"2020-04-16T08:08:21+00:00\",\"mainEntityOfPage\":{\"@id\":\"https:\\\/\\\/www.marinpasalodos.com\\\/ro\\\/concedierea-durata-starii-urgenta-consideratii-legale-poate-concedia-seful\\\/\"},\"wordCount\":626,\"commentCount\":0,\"image\":{\"@id\":\"https:\\\/\\\/www.marinpasalodos.com\\\/ro\\\/concedierea-durata-starii-urgenta-consideratii-legale-poate-concedia-seful\\\/#primaryimage\"},\"thumbnailUrl\":\"https:\\\/\\\/www.marinpasalodos.com\\\/wp-content\\\/uploads\\\/2017\\\/05\\\/acoso-stalking.png\",\"articleSection\":[\"Blog\"],\"inLanguage\":\"ro-RO\",\"potentialAction\":[{\"@type\":\"CommentAction\",\"name\":\"Comment\",\"target\":[\"https:\\\/\\\/www.marinpasalodos.com\\\/ro\\\/concedierea-durata-starii-urgenta-consideratii-legale-poate-concedia-seful\\\/#respond\"]}]},{\"@type\":\"WebPage\",\"@id\":\"https:\\\/\\\/www.marinpasalodos.com\\\/ro\\\/concedierea-durata-starii-urgenta-consideratii-legale-poate-concedia-seful\\\/\",\"url\":\"https:\\\/\\\/www.marinpasalodos.com\\\/ro\\\/concedierea-durata-starii-urgenta-consideratii-legale-poate-concedia-seful\\\/\",\"name\":\"Concedierea pe durata st\u0103rii de urgen\u021b\u0103 - considera\u021bii legale. M\u0103 poate concedia \u0219eful pe perioada st\u0103rii de urgen\u021b\u0103?\",\"isPartOf\":{\"@id\":\"https:\\\/\\\/www.marinpasalodos.com\\\/#website\"},\"primaryImageOfPage\":{\"@id\":\"https:\\\/\\\/www.marinpasalodos.com\\\/ro\\\/concedierea-durata-starii-urgenta-consideratii-legale-poate-concedia-seful\\\/#primaryimage\"},\"image\":{\"@id\":\"https:\\\/\\\/www.marinpasalodos.com\\\/ro\\\/concedierea-durata-starii-urgenta-consideratii-legale-poate-concedia-seful\\\/#primaryimage\"},\"thumbnailUrl\":\"https:\\\/\\\/www.marinpasalodos.com\\\/wp-content\\\/uploads\\\/2017\\\/05\\\/acoso-stalking.png\",\"datePublished\":\"2020-04-16T08:06:42+00:00\",\"dateModified\":\"2020-04-16T08:08:21+00:00\",\"author\":{\"@id\":\"https:\\\/\\\/www.marinpasalodos.com\\\/#\\\/schema\\\/person\\\/a7cd50af82f7eb6620b15e4bfcc71eae\"},\"description\":\"Dorim sa l\u0103murim aspecte juridice legate de situa\u021bia unui muncitor care, nefiindu-i aplicat \u0219omajul tehnic (ERTE), a fost concediat in aceasta perioada\",\"breadcrumb\":{\"@id\":\"https:\\\/\\\/www.marinpasalodos.com\\\/ro\\\/concedierea-durata-starii-urgenta-consideratii-legale-poate-concedia-seful\\\/#breadcrumb\"},\"inLanguage\":\"ro-RO\",\"potentialAction\":[{\"@type\":\"ReadAction\",\"target\":[\"https:\\\/\\\/www.marinpasalodos.com\\\/ro\\\/concedierea-durata-starii-urgenta-consideratii-legale-poate-concedia-seful\\\/\"]}]},{\"@type\":\"ImageObject\",\"inLanguage\":\"ro-RO\",\"@id\":\"https:\\\/\\\/www.marinpasalodos.com\\\/ro\\\/concedierea-durata-starii-urgenta-consideratii-legale-poate-concedia-seful\\\/#primaryimage\",\"url\":\"https:\\\/\\\/www.marinpasalodos.com\\\/wp-content\\\/uploads\\\/2017\\\/05\\\/acoso-stalking.png\",\"contentUrl\":\"https:\\\/\\\/www.marinpasalodos.com\\\/wp-content\\\/uploads\\\/2017\\\/05\\\/acoso-stalking.png\"},{\"@type\":\"BreadcrumbList\",\"@id\":\"https:\\\/\\\/www.marinpasalodos.com\\\/ro\\\/concedierea-durata-starii-urgenta-consideratii-legale-poate-concedia-seful\\\/#breadcrumb\",\"itemListElement\":[{\"@type\":\"ListItem\",\"position\":1,\"name\":\"Home\",\"item\":\"https:\\\/\\\/www.marinpasalodos.com\\\/ro\\\/\"},{\"@type\":\"ListItem\",\"position\":2,\"name\":\"Concedierea pe durata st\u0103rii de urgen\u021b\u0103 &#8211; considera\u021bii legale. M\u0103 poate concedia \u0219eful pe perioada st\u0103rii de urgen\u021b\u0103?\"}]},{\"@type\":\"WebSite\",\"@id\":\"https:\\\/\\\/www.marinpasalodos.com\\\/#website\",\"url\":\"https:\\\/\\\/www.marinpasalodos.com\\\/\",\"name\":\"Abogados Marin Pasalodos\",\"description\":\"Bufete de abogados en Barcelona Marin\",\"potentialAction\":[{\"@type\":\"SearchAction\",\"target\":{\"@type\":\"EntryPoint\",\"urlTemplate\":\"https:\\\/\\\/www.marinpasalodos.com\\\/?s={search_term_string}\"},\"query-input\":{\"@type\":\"PropertyValueSpecification\",\"valueRequired\":true,\"valueName\":\"search_term_string\"}}],\"inLanguage\":\"ro-RO\"},{\"@type\":\"Person\",\"@id\":\"https:\\\/\\\/www.marinpasalodos.com\\\/#\\\/schema\\\/person\\\/a7cd50af82f7eb6620b15e4bfcc71eae\",\"name\":\"Marin Pasalodos\",\"url\":\"https:\\\/\\\/www.marinpasalodos.com\\\/ro\\\/author\\\/xenesis\\\/\"}]}<\/script>\n<!-- \/ Yoast SEO plugin. -->","yoast_head_json":{"title":"Concedierea pe durata st\u0103rii de urgen\u021b\u0103 - considera\u021bii legale. M\u0103 poate concedia \u0219eful pe perioada st\u0103rii de urgen\u021b\u0103?","description":"Dorim sa l\u0103murim aspecte juridice legate de situa\u021bia unui muncitor care, nefiindu-i aplicat \u0219omajul tehnic (ERTE), a fost concediat in aceasta perioada","robots":{"index":"index","follow":"follow","max-snippet":"max-snippet:-1","max-image-preview":"max-image-preview:large","max-video-preview":"max-video-preview:-1"},"canonical":"https:\/\/www.marinpasalodos.com\/ro\/concedierea-durata-starii-urgenta-consideratii-legale-poate-concedia-seful\/","og_locale":"ro_RO","og_type":"article","og_title":"Concedierea pe durata st\u0103rii de urgen\u021b\u0103 - considera\u021bii legale. M\u0103 poate concedia \u0219eful pe perioada st\u0103rii de urgen\u021b\u0103?","og_description":"Dorim sa l\u0103murim aspecte juridice legate de situa\u021bia unui muncitor care, nefiindu-i aplicat \u0219omajul tehnic (ERTE), a fost concediat in aceasta perioada","og_url":"https:\/\/www.marinpasalodos.com\/ro\/concedierea-durata-starii-urgenta-consideratii-legale-poate-concedia-seful\/","og_site_name":"Abogados Marin Pasalodos","article_published_time":"2020-04-16T08:06:42+00:00","article_modified_time":"2020-04-16T08:08:21+00:00","og_image":[{"url":"https:\/\/www.marinpasalodos.com\/wp-content\/uploads\/2017\/05\/acoso-stalking.png","type":"","width":"","height":""}],"author":"Marin Pasalodos","twitter_misc":{"Scris de":"Marin Pasalodos","Timp estimat pentru citire":"3 minute"},"schema":{"@context":"https:\/\/schema.org","@graph":[{"@type":"Article","@id":"https:\/\/www.marinpasalodos.com\/ro\/concedierea-durata-starii-urgenta-consideratii-legale-poate-concedia-seful\/#article","isPartOf":{"@id":"https:\/\/www.marinpasalodos.com\/ro\/concedierea-durata-starii-urgenta-consideratii-legale-poate-concedia-seful\/"},"author":{"name":"Marin Pasalodos","@id":"https:\/\/www.marinpasalodos.com\/#\/schema\/person\/a7cd50af82f7eb6620b15e4bfcc71eae"},"headline":"Concedierea pe durata st\u0103rii de urgen\u021b\u0103 &#8211; considera\u021bii legale. M\u0103 poate concedia \u0219eful pe perioada st\u0103rii de urgen\u021b\u0103?","datePublished":"2020-04-16T08:06:42+00:00","dateModified":"2020-04-16T08:08:21+00:00","mainEntityOfPage":{"@id":"https:\/\/www.marinpasalodos.com\/ro\/concedierea-durata-starii-urgenta-consideratii-legale-poate-concedia-seful\/"},"wordCount":626,"commentCount":0,"image":{"@id":"https:\/\/www.marinpasalodos.com\/ro\/concedierea-durata-starii-urgenta-consideratii-legale-poate-concedia-seful\/#primaryimage"},"thumbnailUrl":"https:\/\/www.marinpasalodos.com\/wp-content\/uploads\/2017\/05\/acoso-stalking.png","articleSection":["Blog"],"inLanguage":"ro-RO","potentialAction":[{"@type":"CommentAction","name":"Comment","target":["https:\/\/www.marinpasalodos.com\/ro\/concedierea-durata-starii-urgenta-consideratii-legale-poate-concedia-seful\/#respond"]}]},{"@type":"WebPage","@id":"https:\/\/www.marinpasalodos.com\/ro\/concedierea-durata-starii-urgenta-consideratii-legale-poate-concedia-seful\/","url":"https:\/\/www.marinpasalodos.com\/ro\/concedierea-durata-starii-urgenta-consideratii-legale-poate-concedia-seful\/","name":"Concedierea pe durata st\u0103rii de urgen\u021b\u0103 - considera\u021bii legale. M\u0103 poate concedia \u0219eful pe perioada st\u0103rii de urgen\u021b\u0103?","isPartOf":{"@id":"https:\/\/www.marinpasalodos.com\/#website"},"primaryImageOfPage":{"@id":"https:\/\/www.marinpasalodos.com\/ro\/concedierea-durata-starii-urgenta-consideratii-legale-poate-concedia-seful\/#primaryimage"},"image":{"@id":"https:\/\/www.marinpasalodos.com\/ro\/concedierea-durata-starii-urgenta-consideratii-legale-poate-concedia-seful\/#primaryimage"},"thumbnailUrl":"https:\/\/www.marinpasalodos.com\/wp-content\/uploads\/2017\/05\/acoso-stalking.png","datePublished":"2020-04-16T08:06:42+00:00","dateModified":"2020-04-16T08:08:21+00:00","author":{"@id":"https:\/\/www.marinpasalodos.com\/#\/schema\/person\/a7cd50af82f7eb6620b15e4bfcc71eae"},"description":"Dorim sa l\u0103murim aspecte juridice legate de situa\u021bia unui muncitor care, nefiindu-i aplicat \u0219omajul tehnic (ERTE), a fost concediat in aceasta perioada","breadcrumb":{"@id":"https:\/\/www.marinpasalodos.com\/ro\/concedierea-durata-starii-urgenta-consideratii-legale-poate-concedia-seful\/#breadcrumb"},"inLanguage":"ro-RO","potentialAction":[{"@type":"ReadAction","target":["https:\/\/www.marinpasalodos.com\/ro\/concedierea-durata-starii-urgenta-consideratii-legale-poate-concedia-seful\/"]}]},{"@type":"ImageObject","inLanguage":"ro-RO","@id":"https:\/\/www.marinpasalodos.com\/ro\/concedierea-durata-starii-urgenta-consideratii-legale-poate-concedia-seful\/#primaryimage","url":"https:\/\/www.marinpasalodos.com\/wp-content\/uploads\/2017\/05\/acoso-stalking.png","contentUrl":"https:\/\/www.marinpasalodos.com\/wp-content\/uploads\/2017\/05\/acoso-stalking.png"},{"@type":"BreadcrumbList","@id":"https:\/\/www.marinpasalodos.com\/ro\/concedierea-durata-starii-urgenta-consideratii-legale-poate-concedia-seful\/#breadcrumb","itemListElement":[{"@type":"ListItem","position":1,"name":"Home","item":"https:\/\/www.marinpasalodos.com\/ro\/"},{"@type":"ListItem","position":2,"name":"Concedierea pe durata st\u0103rii de urgen\u021b\u0103 &#8211; considera\u021bii legale. M\u0103 poate concedia \u0219eful pe perioada st\u0103rii de urgen\u021b\u0103?"}]},{"@type":"WebSite","@id":"https:\/\/www.marinpasalodos.com\/#website","url":"https:\/\/www.marinpasalodos.com\/","name":"Abogados Marin Pasalodos","description":"Bufete de abogados en Barcelona Marin","potentialAction":[{"@type":"SearchAction","target":{"@type":"EntryPoint","urlTemplate":"https:\/\/www.marinpasalodos.com\/?s={search_term_string}"},"query-input":{"@type":"PropertyValueSpecification","valueRequired":true,"valueName":"search_term_string"}}],"inLanguage":"ro-RO"},{"@type":"Person","@id":"https:\/\/www.marinpasalodos.com\/#\/schema\/person\/a7cd50af82f7eb6620b15e4bfcc71eae","name":"Marin Pasalodos","url":"https:\/\/www.marinpasalodos.com\/ro\/author\/xenesis\/"}]}},"_links":{"self":[{"href":"https:\/\/www.marinpasalodos.com\/ro\/wp-json\/wp\/v2\/posts\/29104","targetHints":{"allow":["GET"]}}],"collection":[{"href":"https:\/\/www.marinpasalodos.com\/ro\/wp-json\/wp\/v2\/posts"}],"about":[{"href":"https:\/\/www.marinpasalodos.com\/ro\/wp-json\/wp\/v2\/types\/post"}],"author":[{"embeddable":true,"href":"https:\/\/www.marinpasalodos.com\/ro\/wp-json\/wp\/v2\/users\/3"}],"replies":[{"embeddable":true,"href":"https:\/\/www.marinpasalodos.com\/ro\/wp-json\/wp\/v2\/comments?post=29104"}],"version-history":[{"count":1,"href":"https:\/\/www.marinpasalodos.com\/ro\/wp-json\/wp\/v2\/posts\/29104\/revisions"}],"predecessor-version":[{"id":29105,"href":"https:\/\/www.marinpasalodos.com\/ro\/wp-json\/wp\/v2\/posts\/29104\/revisions\/29105"}],"wp:attachment":[{"href":"https:\/\/www.marinpasalodos.com\/ro\/wp-json\/wp\/v2\/media?parent=29104"}],"wp:term":[{"taxonomy":"category","embeddable":true,"href":"https:\/\/www.marinpasalodos.com\/ro\/wp-json\/wp\/v2\/categories?post=29104"},{"taxonomy":"post_tag","embeddable":true,"href":"https:\/\/www.marinpasalodos.com\/ro\/wp-json\/wp\/v2\/tags?post=29104"}],"curies":[{"name":"wp","href":"https:\/\/api.w.org\/{rel}","templated":true}]}}