{"id":29111,"date":"2020-04-22T08:52:33","date_gmt":"2020-04-22T08:52:33","guid":{"rendered":"https:\/\/www.marinpasalodos.com\/despre-proprietarii-care-inchiriaza-apartamente-turistice-desi-legea-spaniola-interzice-acest-lucru-pe-durata-starii-de-urgenta-precum-si-despre-turistii-ramasi-in-carantina-in-aceste-locuinte\/"},"modified":"2020-04-22T08:58:13","modified_gmt":"2020-04-22T08:58:13","slug":"despre-proprietarii-care-inchiriaza-apartamente-turistice-desi-legea-spaniola-interzice-acest-lucru-pe-durata-starii-de-urgenta-precum-si-despre-turistii-ramasi-in-carantina-in-aceste-locuinte","status":"publish","type":"post","link":"https:\/\/www.marinpasalodos.com\/ro\/despre-proprietarii-care-inchiriaza-apartamente-turistice-desi-legea-spaniola-interzice-acest-lucru-pe-durata-starii-de-urgenta-precum-si-despre-turistii-ramasi-in-carantina-in-aceste-locuinte\/","title":{"rendered":"Despre proprietarii care \u00eenchiriaz\u0103 apartamente turistice de\u0219i legea spaniol\u0103 interzice acest lucru pe durata st\u0103rii de urgent\u0103, precum \u0219i despre turi\u0219tii r\u0103ma\u0219i in carantina \u00een aceste locuin\u021be"},"content":{"rendered":"<p>In contextul actualei st\u0103ri de urgent\u0103, s-a emis Ordinul SND\/257\/2020 din 19 martie 2020, prin care s-a declarat suspendarea activit\u0103\u021bilor de \u00eenchiriere a spa\u021biilor turistice c\u0103tre public (se includ aici hotelurile, apartamente in regim airbnb, campinguri, etc).<\/p>\n<p>Dispozi\u021biile legale permit, cu titlu de excep\u021bie, ca aceste spa\u021bii se pot \u00eenchiria doar pentru a ajuta la oferirea de servicii esen\u021biale, de exemplu pentru cadrele medicale, pentru persoanele care se deplaseaz\u0103 pentru a oferi asistenta celor mai in v\u00e2rst\u0103. Dar \u00een afara de cazurile de excep\u021bie expres men\u021bionate \u00een lege, aceste spa\u021bii trebuie sa r\u0103m\u00e2n\u0103 \u00eenchise publicului pe perioada st\u0103rii de urgen\u021b\u0103.<!--more--><\/p>\n<p>Cu toate acestea \u00eens\u0103, unii clien\u021bi ai cabinetului nostru de avocatur\u0103 din Barcelona ne-au \u00eemp\u0103rt\u0103\u0219it din proprie experien\u021b\u0103 faptul <a href=\"https:\/\/www.marinpasalodos.com\/wp-content\/uploads\/2018\/12\/create-company-spain.png\"><img decoding=\"async\" class=\"alignright wp-image-27775\" src=\"https:\/\/www.marinpasalodos.com\/wp-content\/uploads\/2018\/12\/create-company-spain.png\" alt=\"create company SSL Spain\" width=\"412\" height=\"412\" srcset=\"https:\/\/www.marinpasalodos.com\/wp-content\/uploads\/2018\/12\/create-company-spain-100x100.png 100w, https:\/\/www.marinpasalodos.com\/wp-content\/uploads\/2018\/12\/create-company-spain-150x150.png 150w, https:\/\/www.marinpasalodos.com\/wp-content\/uploads\/2018\/12\/create-company-spain-300x300.png 300w, https:\/\/www.marinpasalodos.com\/wp-content\/uploads\/2018\/12\/create-company-spain-500x500.png 500w, https:\/\/www.marinpasalodos.com\/wp-content\/uploads\/2018\/12\/create-company-spain-700x700.png 700w, https:\/\/www.marinpasalodos.com\/wp-content\/uploads\/2018\/12\/create-company-spain-768x768.png 768w, https:\/\/www.marinpasalodos.com\/wp-content\/uploads\/2018\/12\/create-company-spain-1024x1024.png 1024w, https:\/\/www.marinpasalodos.com\/wp-content\/uploads\/2018\/12\/create-company-spain.png 1600w\" sizes=\"(max-width: 412px) 100vw, 412px\" \/><\/a>c\u0103 exist\u0103 proprietari de apartamente \u00een regim hotelier care nu respect\u0103 dispozi\u021biile legale impuse, \u0219i mai mult dec\u00e2t at\u00e2t, caut\u0103 modalit\u0103\u021bi de a-\u0219i continua activitatea in pofida restric\u021biilor ce le sunt adresate. \u00centr-unul dintre cazurile recent solu\u021bionate de avoca\u021bii cabinetului nostru, am sesizat c\u0103 exista o tendin\u021ba a proprietarilor s\u0103 \u00eencalce restric\u021biile impuse tocmai cu turi\u0219tii care au fost for\u021ba\u021bi sa r\u0103m\u00e2n\u0103 in aceast\u0103 perioad\u0103 \u00een carantin\u0103 pe teritoriul Spaniei \u0219i au fost efectiv in imposibilitate s\u0103 se \u00eentoarc\u0103 la casele lor. Vorbim despre cazul celor veni\u021bi aici in vacan\u021ba cu scurt timp \u00eenainte de declan\u0219area actualei situa\u021bii critice, \u0219i nu au avut posibilitatea de a p\u0103r\u0103si teritoriul destina\u021biei de concediu. In aceasta situa\u021bie, dac\u0103 un turist a fost in imposibilitate obiectiv\u0103 de a p\u0103r\u0103si apartamentul de vacan\u021ba \u00eenchiriat in perioada 14 martie-20 martie 2020, \u0219i deci a fost obligat sa \u00ee\u0219i prelungeasc\u0103 \u0219ederea in locul \u00eenchiriat, ne sus\u021binem puternic p\u0103rerea noastr\u0103 conform c\u0103reia proprietarul acelei locuin\u021be NU poate sa \u00eei dea afara in mod for\u021bat, \u0219i nici s\u0103 le perceap\u0103 un tarif pentru surplusul de timp in care trebuie sa r\u0103m\u00e2n\u0103 acolo, c\u00e2t timp starea de urgen\u021b\u0103 este \u00eenc\u0103 activ\u0103! Consideram ca este un caz de for\u021b\u0103 majora, \u0219i e necesar sa se ac\u021bioneze in conformitate cu aceasta.<\/p>\n<h2>Contactati imediat un avocat dac\u0103 sunte\u021bi abuza\u021bi de proprietar<\/h2>\n<p>In plus, opinia noastr\u0103 este ca gestionarea, in continuare, a \u00eenchirierii unui apartament turistic in aceasta perioada si profitarea de turi\u0219tii r\u0103ma\u0219i bloca\u021bi pe teritoriul Spaniei prin a le cere bani \u00een plus este o activitate ILEGAL\u0102. Mai mult, in conditiile actuale, acest lucru genereaz\u0103 un grav risc pentru s\u0103n\u0103tate \u0219i poate constitui o infrac\u021biune, mai ales atunci c\u00e2nd se \u00eencalc\u0103 dispozi\u021biile legale.<\/p>\n<p>Noi sf\u0103tuim toate persoanele care din p\u0103cate se reg\u0103sesc intr-o situa\u021bie asem\u0103n\u0103toare \u0219i spre exemplu au venit in Barcelona in concediu pentru o scurta perioada, evident cu un buget calculat strict pentru acele zile,dar au trebuit sa r\u0103m\u00e2n\u0103 \u00een carantin\u0103 in apartamentul turistic \u00eenchiriat s\u0103 NU semneze niciun alt contract de \u00eenchiriere pe un alt termen, fie acesta scurt sau lung, \u0219i sa contacteze imediat un avocat dac\u0103 sunt abuza\u021bi de proprietar, sau dac\u0103 acesta din urma ii for\u021beaz\u0103 sa p\u0103r\u0103seasc\u0103 apartamentul dac\u0103 nu pl\u0103tesc \u00een plus.<\/p>\n<p>Daca dori\u021bi sa aflati mai multe informatii despre dispozitiile legale pe timpul st\u0103rii de urgent\u0103, sau v\u0103 afla\u021bi \u00eentr-o situa\u021bie similar\u0103 cu cea prezentat\u0103 \u0219i ave\u021bi nevoie de avocat, respectiv de \u00eendrumare juridic\u0103, nu ezita\u021bi s\u0103 ne contacta\u021bi. Echipa <a href=\"\/ro\/\">biroului de avoca\u021bi Marin&amp;Pasalodos din Barcelona<\/a> este specializat\u0103 \u00een <a href=\"https:\/\/www.marinpasalodos.com\/ro\/specializari-in-drept\/avocati-specializati-in-dreptul-penal\/\">drept penal<\/a>, <a href=\"https:\/\/www.marinpasalodos.com\/ro\/specializari-in-drept\/avocati-specializati-in-dreptul-civil\/\">drept civil<\/a>, administrativ \u0219i <a href=\"https:\/\/www.marinpasalodos.com\/ro\/specializari-in-drept\/avocati-specializati-in-dreptul-muncii\/\">dreptul muncii<\/a> \u0219i depune toate diligentele necesare pentru a va ob\u021bine un rezultat care sa va satisfac\u0103. Ne pute\u021bi contacta la num\u0103rul de telefon (0034) 932006766, sau la adresa de e-mail secretaria@marinpasalodos.com. V\u0103 mul\u021bumim pentru \u00eencrederea acordat\u0103!<\/p>\n","protected":false},"excerpt":{"rendered":"<p>In contextul actualei st\u0103ri de urgent\u0103, s-a emis Ordinul SND\/257\/2020 din 19 martie 2020, prin care s-a declarat suspendarea activit\u0103\u021bilor de \u00eenchiriere a spa\u021biilor turistice c\u0103tre public (se includ aici hotelurile, apartamente in regim airbnb, campinguri, etc). Dispozi\u021biile legale permit, cu titlu de excep\u021bie, ca aceste spa\u021bii se pot \u00eenchiria doar pentru a ajuta la  [&#8230;]<\/p>\n","protected":false},"author":3,"featured_media":0,"comment_status":"open","ping_status":"open","sticky":false,"template":"","format":"standard","meta":{"footnotes":""},"categories":[18],"tags":[],"class_list":["post-29111","post","type-post","status-publish","format-standard","hentry","category-blog-ro"],"yoast_head":"<!-- This site is optimized with the Yoast SEO plugin v27.4 - https:\/\/yoast.com\/product\/yoast-seo-wordpress\/ -->\n<title>Despre proprietarii care \u00eenchiriaz\u0103 apartamente turistice de\u0219i legea spaniol\u0103 interzice acest lucru pe durata st\u0103rii de urgent\u0103, precum \u0219i despre turi\u0219tii r\u0103ma\u0219i in carantina \u00een aceste locuin\u021be<\/title>\n<meta name=\"description\" content=\"In contextul st\u0103rii de urgent\u0103, s-a emis Ordinul SND\/257\/2020 din 19 martie 2020, prin care s-a declarat suspendarea inchirierii spa\u021biilor turistice\" \/>\n<meta name=\"robots\" content=\"index, follow, max-snippet:-1, max-image-preview:large, max-video-preview:-1\" \/>\n<link rel=\"canonical\" href=\"https:\/\/www.marinpasalodos.com\/ro\/despre-proprietarii-care-inchiriaza-apartamente-turistice-desi-legea-spaniola-interzice-acest-lucru-pe-durata-starii-de-urgenta-precum-si-despre-turistii-ramasi-in-carantina-in-aceste-locuinte\/\" \/>\n<meta property=\"og:locale\" content=\"ro_RO\" \/>\n<meta property=\"og:type\" content=\"article\" \/>\n<meta property=\"og:title\" content=\"Despre proprietarii care \u00eenchiriaz\u0103 apartamente turistice de\u0219i legea spaniol\u0103 interzice acest lucru pe durata st\u0103rii de urgent\u0103, precum \u0219i despre turi\u0219tii r\u0103ma\u0219i in carantina \u00een aceste locuin\u021be\" \/>\n<meta property=\"og:description\" content=\"In contextul st\u0103rii de urgent\u0103, s-a emis Ordinul SND\/257\/2020 din 19 martie 2020, prin care s-a declarat suspendarea inchirierii spa\u021biilor turistice\" \/>\n<meta property=\"og:url\" content=\"https:\/\/www.marinpasalodos.com\/ro\/despre-proprietarii-care-inchiriaza-apartamente-turistice-desi-legea-spaniola-interzice-acest-lucru-pe-durata-starii-de-urgenta-precum-si-despre-turistii-ramasi-in-carantina-in-aceste-locuinte\/\" \/>\n<meta property=\"og:site_name\" content=\"Abogados Marin Pasalodos\" \/>\n<meta property=\"article:published_time\" content=\"2020-04-22T08:52:33+00:00\" \/>\n<meta property=\"article:modified_time\" content=\"2020-04-22T08:58:13+00:00\" \/>\n<meta property=\"og:image\" content=\"https:\/\/www.marinpasalodos.com\/wp-content\/uploads\/2018\/12\/create-company-spain.png\" \/>\n<meta name=\"author\" content=\"Marin Pasalodos\" \/>\n<meta name=\"twitter:label1\" content=\"Scris de\" \/>\n\t<meta name=\"twitter:data1\" content=\"Marin Pasalodos\" \/>\n\t<meta name=\"twitter:label2\" content=\"Timp estimat pentru citire\" \/>\n\t<meta name=\"twitter:data2\" content=\"3 minute\" \/>\n<script type=\"application\/ld+json\" class=\"yoast-schema-graph\">{\"@context\":\"https:\\\/\\\/schema.org\",\"@graph\":[{\"@type\":\"Article\",\"@id\":\"https:\\\/\\\/www.marinpasalodos.com\\\/ro\\\/despre-proprietarii-care-inchiriaza-apartamente-turistice-desi-legea-spaniola-interzice-acest-lucru-pe-durata-starii-de-urgenta-precum-si-despre-turistii-ramasi-in-carantina-in-aceste-locuinte\\\/#article\",\"isPartOf\":{\"@id\":\"https:\\\/\\\/www.marinpasalodos.com\\\/ro\\\/despre-proprietarii-care-inchiriaza-apartamente-turistice-desi-legea-spaniola-interzice-acest-lucru-pe-durata-starii-de-urgenta-precum-si-despre-turistii-ramasi-in-carantina-in-aceste-locuinte\\\/\"},\"author\":{\"name\":\"Marin Pasalodos\",\"@id\":\"https:\\\/\\\/www.marinpasalodos.com\\\/#\\\/schema\\\/person\\\/a7cd50af82f7eb6620b15e4bfcc71eae\"},\"headline\":\"Despre proprietarii care \u00eenchiriaz\u0103 apartamente turistice de\u0219i legea spaniol\u0103 interzice acest lucru pe durata st\u0103rii de urgent\u0103, precum \u0219i despre turi\u0219tii r\u0103ma\u0219i in carantina \u00een aceste locuin\u021be\",\"datePublished\":\"2020-04-22T08:52:33+00:00\",\"dateModified\":\"2020-04-22T08:58:13+00:00\",\"mainEntityOfPage\":{\"@id\":\"https:\\\/\\\/www.marinpasalodos.com\\\/ro\\\/despre-proprietarii-care-inchiriaza-apartamente-turistice-desi-legea-spaniola-interzice-acest-lucru-pe-durata-starii-de-urgenta-precum-si-despre-turistii-ramasi-in-carantina-in-aceste-locuinte\\\/\"},\"wordCount\":699,\"commentCount\":0,\"image\":{\"@id\":\"https:\\\/\\\/www.marinpasalodos.com\\\/ro\\\/despre-proprietarii-care-inchiriaza-apartamente-turistice-desi-legea-spaniola-interzice-acest-lucru-pe-durata-starii-de-urgenta-precum-si-despre-turistii-ramasi-in-carantina-in-aceste-locuinte\\\/#primaryimage\"},\"thumbnailUrl\":\"https:\\\/\\\/www.marinpasalodos.com\\\/wp-content\\\/uploads\\\/2018\\\/12\\\/create-company-spain.png\",\"articleSection\":[\"Blog\"],\"inLanguage\":\"ro-RO\",\"potentialAction\":[{\"@type\":\"CommentAction\",\"name\":\"Comment\",\"target\":[\"https:\\\/\\\/www.marinpasalodos.com\\\/ro\\\/despre-proprietarii-care-inchiriaza-apartamente-turistice-desi-legea-spaniola-interzice-acest-lucru-pe-durata-starii-de-urgenta-precum-si-despre-turistii-ramasi-in-carantina-in-aceste-locuinte\\\/#respond\"]}]},{\"@type\":\"WebPage\",\"@id\":\"https:\\\/\\\/www.marinpasalodos.com\\\/ro\\\/despre-proprietarii-care-inchiriaza-apartamente-turistice-desi-legea-spaniola-interzice-acest-lucru-pe-durata-starii-de-urgenta-precum-si-despre-turistii-ramasi-in-carantina-in-aceste-locuinte\\\/\",\"url\":\"https:\\\/\\\/www.marinpasalodos.com\\\/ro\\\/despre-proprietarii-care-inchiriaza-apartamente-turistice-desi-legea-spaniola-interzice-acest-lucru-pe-durata-starii-de-urgenta-precum-si-despre-turistii-ramasi-in-carantina-in-aceste-locuinte\\\/\",\"name\":\"Despre proprietarii care \u00eenchiriaz\u0103 apartamente turistice de\u0219i legea spaniol\u0103 interzice acest lucru pe durata st\u0103rii de urgent\u0103, precum \u0219i despre turi\u0219tii r\u0103ma\u0219i in carantina \u00een aceste locuin\u021be\",\"isPartOf\":{\"@id\":\"https:\\\/\\\/www.marinpasalodos.com\\\/#website\"},\"primaryImageOfPage\":{\"@id\":\"https:\\\/\\\/www.marinpasalodos.com\\\/ro\\\/despre-proprietarii-care-inchiriaza-apartamente-turistice-desi-legea-spaniola-interzice-acest-lucru-pe-durata-starii-de-urgenta-precum-si-despre-turistii-ramasi-in-carantina-in-aceste-locuinte\\\/#primaryimage\"},\"image\":{\"@id\":\"https:\\\/\\\/www.marinpasalodos.com\\\/ro\\\/despre-proprietarii-care-inchiriaza-apartamente-turistice-desi-legea-spaniola-interzice-acest-lucru-pe-durata-starii-de-urgenta-precum-si-despre-turistii-ramasi-in-carantina-in-aceste-locuinte\\\/#primaryimage\"},\"thumbnailUrl\":\"https:\\\/\\\/www.marinpasalodos.com\\\/wp-content\\\/uploads\\\/2018\\\/12\\\/create-company-spain.png\",\"datePublished\":\"2020-04-22T08:52:33+00:00\",\"dateModified\":\"2020-04-22T08:58:13+00:00\",\"author\":{\"@id\":\"https:\\\/\\\/www.marinpasalodos.com\\\/#\\\/schema\\\/person\\\/a7cd50af82f7eb6620b15e4bfcc71eae\"},\"description\":\"In contextul st\u0103rii de urgent\u0103, s-a emis Ordinul SND\\\/257\\\/2020 din 19 martie 2020, prin care s-a declarat suspendarea inchirierii spa\u021biilor turistice\",\"breadcrumb\":{\"@id\":\"https:\\\/\\\/www.marinpasalodos.com\\\/ro\\\/despre-proprietarii-care-inchiriaza-apartamente-turistice-desi-legea-spaniola-interzice-acest-lucru-pe-durata-starii-de-urgenta-precum-si-despre-turistii-ramasi-in-carantina-in-aceste-locuinte\\\/#breadcrumb\"},\"inLanguage\":\"ro-RO\",\"potentialAction\":[{\"@type\":\"ReadAction\",\"target\":[\"https:\\\/\\\/www.marinpasalodos.com\\\/ro\\\/despre-proprietarii-care-inchiriaza-apartamente-turistice-desi-legea-spaniola-interzice-acest-lucru-pe-durata-starii-de-urgenta-precum-si-despre-turistii-ramasi-in-carantina-in-aceste-locuinte\\\/\"]}]},{\"@type\":\"ImageObject\",\"inLanguage\":\"ro-RO\",\"@id\":\"https:\\\/\\\/www.marinpasalodos.com\\\/ro\\\/despre-proprietarii-care-inchiriaza-apartamente-turistice-desi-legea-spaniola-interzice-acest-lucru-pe-durata-starii-de-urgenta-precum-si-despre-turistii-ramasi-in-carantina-in-aceste-locuinte\\\/#primaryimage\",\"url\":\"https:\\\/\\\/www.marinpasalodos.com\\\/wp-content\\\/uploads\\\/2018\\\/12\\\/create-company-spain.png\",\"contentUrl\":\"https:\\\/\\\/www.marinpasalodos.com\\\/wp-content\\\/uploads\\\/2018\\\/12\\\/create-company-spain.png\"},{\"@type\":\"BreadcrumbList\",\"@id\":\"https:\\\/\\\/www.marinpasalodos.com\\\/ro\\\/despre-proprietarii-care-inchiriaza-apartamente-turistice-desi-legea-spaniola-interzice-acest-lucru-pe-durata-starii-de-urgenta-precum-si-despre-turistii-ramasi-in-carantina-in-aceste-locuinte\\\/#breadcrumb\",\"itemListElement\":[{\"@type\":\"ListItem\",\"position\":1,\"name\":\"Home\",\"item\":\"https:\\\/\\\/www.marinpasalodos.com\\\/ro\\\/\"},{\"@type\":\"ListItem\",\"position\":2,\"name\":\"Despre proprietarii care \u00eenchiriaz\u0103 apartamente turistice de\u0219i legea spaniol\u0103 interzice acest lucru pe durata st\u0103rii de urgent\u0103, precum \u0219i despre turi\u0219tii r\u0103ma\u0219i in carantina \u00een aceste locuin\u021be\"}]},{\"@type\":\"WebSite\",\"@id\":\"https:\\\/\\\/www.marinpasalodos.com\\\/#website\",\"url\":\"https:\\\/\\\/www.marinpasalodos.com\\\/\",\"name\":\"Abogados Marin Pasalodos\",\"description\":\"Bufete de abogados en Barcelona Marin\",\"potentialAction\":[{\"@type\":\"SearchAction\",\"target\":{\"@type\":\"EntryPoint\",\"urlTemplate\":\"https:\\\/\\\/www.marinpasalodos.com\\\/?s={search_term_string}\"},\"query-input\":{\"@type\":\"PropertyValueSpecification\",\"valueRequired\":true,\"valueName\":\"search_term_string\"}}],\"inLanguage\":\"ro-RO\"},{\"@type\":\"Person\",\"@id\":\"https:\\\/\\\/www.marinpasalodos.com\\\/#\\\/schema\\\/person\\\/a7cd50af82f7eb6620b15e4bfcc71eae\",\"name\":\"Marin Pasalodos\",\"url\":\"https:\\\/\\\/www.marinpasalodos.com\\\/ro\\\/author\\\/xenesis\\\/\"}]}<\/script>\n<!-- \/ Yoast SEO plugin. -->","yoast_head_json":{"title":"Despre proprietarii care \u00eenchiriaz\u0103 apartamente turistice de\u0219i legea spaniol\u0103 interzice acest lucru pe durata st\u0103rii de urgent\u0103, precum \u0219i despre turi\u0219tii r\u0103ma\u0219i in carantina \u00een aceste locuin\u021be","description":"In contextul st\u0103rii de urgent\u0103, s-a emis Ordinul SND\/257\/2020 din 19 martie 2020, prin care s-a declarat suspendarea inchirierii spa\u021biilor turistice","robots":{"index":"index","follow":"follow","max-snippet":"max-snippet:-1","max-image-preview":"max-image-preview:large","max-video-preview":"max-video-preview:-1"},"canonical":"https:\/\/www.marinpasalodos.com\/ro\/despre-proprietarii-care-inchiriaza-apartamente-turistice-desi-legea-spaniola-interzice-acest-lucru-pe-durata-starii-de-urgenta-precum-si-despre-turistii-ramasi-in-carantina-in-aceste-locuinte\/","og_locale":"ro_RO","og_type":"article","og_title":"Despre proprietarii care \u00eenchiriaz\u0103 apartamente turistice de\u0219i legea spaniol\u0103 interzice acest lucru pe durata st\u0103rii de urgent\u0103, precum \u0219i despre turi\u0219tii r\u0103ma\u0219i in carantina \u00een aceste locuin\u021be","og_description":"In contextul st\u0103rii de urgent\u0103, s-a emis Ordinul SND\/257\/2020 din 19 martie 2020, prin care s-a declarat suspendarea inchirierii spa\u021biilor turistice","og_url":"https:\/\/www.marinpasalodos.com\/ro\/despre-proprietarii-care-inchiriaza-apartamente-turistice-desi-legea-spaniola-interzice-acest-lucru-pe-durata-starii-de-urgenta-precum-si-despre-turistii-ramasi-in-carantina-in-aceste-locuinte\/","og_site_name":"Abogados Marin Pasalodos","article_published_time":"2020-04-22T08:52:33+00:00","article_modified_time":"2020-04-22T08:58:13+00:00","og_image":[{"url":"https:\/\/www.marinpasalodos.com\/wp-content\/uploads\/2018\/12\/create-company-spain.png","type":"","width":"","height":""}],"author":"Marin Pasalodos","twitter_misc":{"Scris de":"Marin Pasalodos","Timp estimat pentru citire":"3 minute"},"schema":{"@context":"https:\/\/schema.org","@graph":[{"@type":"Article","@id":"https:\/\/www.marinpasalodos.com\/ro\/despre-proprietarii-care-inchiriaza-apartamente-turistice-desi-legea-spaniola-interzice-acest-lucru-pe-durata-starii-de-urgenta-precum-si-despre-turistii-ramasi-in-carantina-in-aceste-locuinte\/#article","isPartOf":{"@id":"https:\/\/www.marinpasalodos.com\/ro\/despre-proprietarii-care-inchiriaza-apartamente-turistice-desi-legea-spaniola-interzice-acest-lucru-pe-durata-starii-de-urgenta-precum-si-despre-turistii-ramasi-in-carantina-in-aceste-locuinte\/"},"author":{"name":"Marin Pasalodos","@id":"https:\/\/www.marinpasalodos.com\/#\/schema\/person\/a7cd50af82f7eb6620b15e4bfcc71eae"},"headline":"Despre proprietarii care \u00eenchiriaz\u0103 apartamente turistice de\u0219i legea spaniol\u0103 interzice acest lucru pe durata st\u0103rii de urgent\u0103, precum \u0219i despre turi\u0219tii r\u0103ma\u0219i in carantina \u00een aceste locuin\u021be","datePublished":"2020-04-22T08:52:33+00:00","dateModified":"2020-04-22T08:58:13+00:00","mainEntityOfPage":{"@id":"https:\/\/www.marinpasalodos.com\/ro\/despre-proprietarii-care-inchiriaza-apartamente-turistice-desi-legea-spaniola-interzice-acest-lucru-pe-durata-starii-de-urgenta-precum-si-despre-turistii-ramasi-in-carantina-in-aceste-locuinte\/"},"wordCount":699,"commentCount":0,"image":{"@id":"https:\/\/www.marinpasalodos.com\/ro\/despre-proprietarii-care-inchiriaza-apartamente-turistice-desi-legea-spaniola-interzice-acest-lucru-pe-durata-starii-de-urgenta-precum-si-despre-turistii-ramasi-in-carantina-in-aceste-locuinte\/#primaryimage"},"thumbnailUrl":"https:\/\/www.marinpasalodos.com\/wp-content\/uploads\/2018\/12\/create-company-spain.png","articleSection":["Blog"],"inLanguage":"ro-RO","potentialAction":[{"@type":"CommentAction","name":"Comment","target":["https:\/\/www.marinpasalodos.com\/ro\/despre-proprietarii-care-inchiriaza-apartamente-turistice-desi-legea-spaniola-interzice-acest-lucru-pe-durata-starii-de-urgenta-precum-si-despre-turistii-ramasi-in-carantina-in-aceste-locuinte\/#respond"]}]},{"@type":"WebPage","@id":"https:\/\/www.marinpasalodos.com\/ro\/despre-proprietarii-care-inchiriaza-apartamente-turistice-desi-legea-spaniola-interzice-acest-lucru-pe-durata-starii-de-urgenta-precum-si-despre-turistii-ramasi-in-carantina-in-aceste-locuinte\/","url":"https:\/\/www.marinpasalodos.com\/ro\/despre-proprietarii-care-inchiriaza-apartamente-turistice-desi-legea-spaniola-interzice-acest-lucru-pe-durata-starii-de-urgenta-precum-si-despre-turistii-ramasi-in-carantina-in-aceste-locuinte\/","name":"Despre proprietarii care \u00eenchiriaz\u0103 apartamente turistice de\u0219i legea spaniol\u0103 interzice acest lucru pe durata st\u0103rii de urgent\u0103, precum \u0219i despre turi\u0219tii r\u0103ma\u0219i in carantina \u00een aceste locuin\u021be","isPartOf":{"@id":"https:\/\/www.marinpasalodos.com\/#website"},"primaryImageOfPage":{"@id":"https:\/\/www.marinpasalodos.com\/ro\/despre-proprietarii-care-inchiriaza-apartamente-turistice-desi-legea-spaniola-interzice-acest-lucru-pe-durata-starii-de-urgenta-precum-si-despre-turistii-ramasi-in-carantina-in-aceste-locuinte\/#primaryimage"},"image":{"@id":"https:\/\/www.marinpasalodos.com\/ro\/despre-proprietarii-care-inchiriaza-apartamente-turistice-desi-legea-spaniola-interzice-acest-lucru-pe-durata-starii-de-urgenta-precum-si-despre-turistii-ramasi-in-carantina-in-aceste-locuinte\/#primaryimage"},"thumbnailUrl":"https:\/\/www.marinpasalodos.com\/wp-content\/uploads\/2018\/12\/create-company-spain.png","datePublished":"2020-04-22T08:52:33+00:00","dateModified":"2020-04-22T08:58:13+00:00","author":{"@id":"https:\/\/www.marinpasalodos.com\/#\/schema\/person\/a7cd50af82f7eb6620b15e4bfcc71eae"},"description":"In contextul st\u0103rii de urgent\u0103, s-a emis Ordinul SND\/257\/2020 din 19 martie 2020, prin care s-a declarat suspendarea inchirierii spa\u021biilor turistice","breadcrumb":{"@id":"https:\/\/www.marinpasalodos.com\/ro\/despre-proprietarii-care-inchiriaza-apartamente-turistice-desi-legea-spaniola-interzice-acest-lucru-pe-durata-starii-de-urgenta-precum-si-despre-turistii-ramasi-in-carantina-in-aceste-locuinte\/#breadcrumb"},"inLanguage":"ro-RO","potentialAction":[{"@type":"ReadAction","target":["https:\/\/www.marinpasalodos.com\/ro\/despre-proprietarii-care-inchiriaza-apartamente-turistice-desi-legea-spaniola-interzice-acest-lucru-pe-durata-starii-de-urgenta-precum-si-despre-turistii-ramasi-in-carantina-in-aceste-locuinte\/"]}]},{"@type":"ImageObject","inLanguage":"ro-RO","@id":"https:\/\/www.marinpasalodos.com\/ro\/despre-proprietarii-care-inchiriaza-apartamente-turistice-desi-legea-spaniola-interzice-acest-lucru-pe-durata-starii-de-urgenta-precum-si-despre-turistii-ramasi-in-carantina-in-aceste-locuinte\/#primaryimage","url":"https:\/\/www.marinpasalodos.com\/wp-content\/uploads\/2018\/12\/create-company-spain.png","contentUrl":"https:\/\/www.marinpasalodos.com\/wp-content\/uploads\/2018\/12\/create-company-spain.png"},{"@type":"BreadcrumbList","@id":"https:\/\/www.marinpasalodos.com\/ro\/despre-proprietarii-care-inchiriaza-apartamente-turistice-desi-legea-spaniola-interzice-acest-lucru-pe-durata-starii-de-urgenta-precum-si-despre-turistii-ramasi-in-carantina-in-aceste-locuinte\/#breadcrumb","itemListElement":[{"@type":"ListItem","position":1,"name":"Home","item":"https:\/\/www.marinpasalodos.com\/ro\/"},{"@type":"ListItem","position":2,"name":"Despre proprietarii care \u00eenchiriaz\u0103 apartamente turistice de\u0219i legea spaniol\u0103 interzice acest lucru pe durata st\u0103rii de urgent\u0103, precum \u0219i despre turi\u0219tii r\u0103ma\u0219i in carantina \u00een aceste locuin\u021be"}]},{"@type":"WebSite","@id":"https:\/\/www.marinpasalodos.com\/#website","url":"https:\/\/www.marinpasalodos.com\/","name":"Abogados Marin Pasalodos","description":"Bufete de abogados en Barcelona Marin","potentialAction":[{"@type":"SearchAction","target":{"@type":"EntryPoint","urlTemplate":"https:\/\/www.marinpasalodos.com\/?s={search_term_string}"},"query-input":{"@type":"PropertyValueSpecification","valueRequired":true,"valueName":"search_term_string"}}],"inLanguage":"ro-RO"},{"@type":"Person","@id":"https:\/\/www.marinpasalodos.com\/#\/schema\/person\/a7cd50af82f7eb6620b15e4bfcc71eae","name":"Marin Pasalodos","url":"https:\/\/www.marinpasalodos.com\/ro\/author\/xenesis\/"}]}},"_links":{"self":[{"href":"https:\/\/www.marinpasalodos.com\/ro\/wp-json\/wp\/v2\/posts\/29111","targetHints":{"allow":["GET"]}}],"collection":[{"href":"https:\/\/www.marinpasalodos.com\/ro\/wp-json\/wp\/v2\/posts"}],"about":[{"href":"https:\/\/www.marinpasalodos.com\/ro\/wp-json\/wp\/v2\/types\/post"}],"author":[{"embeddable":true,"href":"https:\/\/www.marinpasalodos.com\/ro\/wp-json\/wp\/v2\/users\/3"}],"replies":[{"embeddable":true,"href":"https:\/\/www.marinpasalodos.com\/ro\/wp-json\/wp\/v2\/comments?post=29111"}],"version-history":[{"count":4,"href":"https:\/\/www.marinpasalodos.com\/ro\/wp-json\/wp\/v2\/posts\/29111\/revisions"}],"predecessor-version":[{"id":29115,"href":"https:\/\/www.marinpasalodos.com\/ro\/wp-json\/wp\/v2\/posts\/29111\/revisions\/29115"}],"wp:attachment":[{"href":"https:\/\/www.marinpasalodos.com\/ro\/wp-json\/wp\/v2\/media?parent=29111"}],"wp:term":[{"taxonomy":"category","embeddable":true,"href":"https:\/\/www.marinpasalodos.com\/ro\/wp-json\/wp\/v2\/categories?post=29111"},{"taxonomy":"post_tag","embeddable":true,"href":"https:\/\/www.marinpasalodos.com\/ro\/wp-json\/wp\/v2\/tags?post=29111"}],"curies":[{"name":"wp","href":"https:\/\/api.w.org\/{rel}","templated":true}]}}