{"id":29126,"date":"2020-04-27T09:54:48","date_gmt":"2020-04-27T09:54:48","guid":{"rendered":"https:\/\/www.marinpasalodos.com\/multe-amenzi-relationate-cu-starea-de-urgenta-por-fi-contestate-iar-ulterior-procesul-verbal-prin-care-au-fost-constatate-poate-fi-declarat-nul\/"},"modified":"2020-04-27T09:59:19","modified_gmt":"2020-04-27T09:59:19","slug":"multe-amenzi-relationate-cu-starea-de-urgenta-por-fi-contestate-iar-ulterior-procesul-verbal-prin-care-au-fost-constatate-poate-fi-declarat-nul","status":"publish","type":"post","link":"https:\/\/www.marinpasalodos.com\/ro\/multe-amenzi-relationate-cu-starea-de-urgenta-por-fi-contestate-iar-ulterior-procesul-verbal-prin-care-au-fost-constatate-poate-fi-declarat-nul\/","title":{"rendered":"Multe amenzi rela\u021bionate cu starea de urgent\u0103 por fi contestate, iar ulterior, procesul verbal prin care au fost constatate poate fi declarat NUL"},"content":{"rendered":"<p>In ultima luna, cu to\u021bii am auzit ca a fost aproape la ordinea zilei ca poli\u021bi\u0219tii sa amendeze persoanele care nu au respectat m\u0103surile de siguran\u021ba impuse prin lege. Motivele amenzilor au fost printre cele mai diverse, de exemplu, s-au sanc\u021bionat persoane pentru ca au mers sa \u00ee\u0219i cumpere cele necesare intr-un supermarket care nu era cel mai apropiat de casa, pentru atitudinea necorespunz\u0103toare in fata autorit\u0103\u021bilor, sau pentru a participa la o slujba religioas\u0103. In prezentul articol, <a href=\"\/ro\/\">avoca\u021bii cabinetului din Barcelona<\/a>, Marin&amp; Pasalodos, doresc sa va explice de ce unele dintre procesele verbale de constatare ale acestor amenzi pot fi declarate in justi\u021bie NULE, av\u00e2nd in vedere ca s-au \u00eenc\u0103lcat condi\u021biile cerute de lege pentru \u00eencheierea lor valabil\u0103, fie cele de forma, fie cele de fond. <!--more--><br \/>\nMulti juri\u0219ti au criticat faptul ca Real Decretul spaniol 463\/2020 prin care se declara starea de urgent\u0103 NU e redactat intr-o <a href=\"https:\/\/www.marinpasalodos.com\/wp-content\/uploads\/2017\/05\/acoso-stalking.png\"><img decoding=\"async\" class=\"alignright  wp-image-27398\" src=\"https:\/\/www.marinpasalodos.com\/wp-content\/uploads\/2017\/05\/acoso-stalking.png\" alt=\"acoso o stalking\" width=\"456\" height=\"287\" srcset=\"https:\/\/www.marinpasalodos.com\/wp-content\/uploads\/2017\/05\/acoso-stalking-300x189.png 300w, https:\/\/www.marinpasalodos.com\/wp-content\/uploads\/2017\/05\/acoso-stalking-500x314.png 500w, https:\/\/www.marinpasalodos.com\/wp-content\/uploads\/2017\/05\/acoso-stalking.png 700w\" sizes=\"(max-width: 456px) 100vw, 456px\" \/><\/a>maniera exhaustiva \u0219i deci, se las\u0103 loc unei largi interpretari ale dispozi\u021biilor sale. Astfel, in unele cazuri, func\u021bionarii care au aplicat aceste dispozi\u021bii legale se pare ca au \u0219i modificat \u00eentelesul legii; acest lucru poate avea ca \u0219i consecin\u021b\u0103 anularea sanc\u021biunilor impuse in acest fel. De exemplu, unul dintre cele mai controversate subiecte este in leg\u0103tura cu amenzile date pentru cei care au mers in magazine sa \u00ee\u0219i achizi\u021bioneze alimente, dar care nu sunt considerate de &#8222;prima necesitate&#8221;, cum ar fi cei care au p\u0103r\u0103sit locuin\u021ba doar pentru a-\u0219i cumpara biscui\u021bi. In unele din aceste cazuri, poli\u021bi\u0219tii au interpretat ca nu a fost cazul deplas\u0103rii pentru cump\u0103rarea alimentelor de baza, \u0219i deci au considerat acest comportament ca fiind o nerespectare a carantinei, respectiv a legii.<\/p>\n<p>Dorim sa va reamintim ce se dispune cu exactitate la primul alineat al articolului 7 din Real Decretul 463\/2020 al starii de urgent\u0103:<br \/>\n,,Articolul 7. Limitarea deplas\u0103rilor. Achizi\u021bionarea de alimente, produse farmaceutice \u0219i de prima necesitate. Pe timpul in care starea se urgent\u0103 este activa, persoanele pot circula doar pentru realizarea urm\u0103toarelor activit\u0103\u021bi: a) achizi\u021bionare alimente, produse farmaceutice \u0219i de prima necesitate&#8221;. Deci, dup\u0103 cum se poate observa, textul legal NU stabile\u0219te ca alimentele in sine trebuie sa fie de prima necesitate, ci se men\u021bioneaz\u0103 &#8222;alimente \u0218I produse de prima necesitate&#8221;.<\/p>\n<h2>Legea in vigoare nu a interzis manifest\u0103rile religioase<\/h2>\n<p>Alt subiect care a generat o polemica a fost cel legat de amenzile primite de persoanele care de cur\u00e2nd, au s\u0103rb\u0103torite Pa\u0219tele \u0219i au participat la slujbe in bisericile unde acestea au avut loc. Credinciosii in discu\u021bie au sus\u021binut ca legea in vigoare nu a interzis manifest\u0103rile religioase. Va comunicam ce transmite cu exactitate articolul 11 din Real-Decretul st\u0103rii de urgent\u0103:<br \/>\n,,Articolul 11. M\u0103suri de protec\u021bie in leg\u0103tura cu l\u0103ca\u0219urile de cult \u0219i cu ceremoniile civile \u0219i religioase. Participarea in l\u0103ca\u0219urile de cult precum \u0219i la ceremonii civile \u0219i religioase, incluz\u00e2ndu-se cele funerare, sunt condi\u021bionate de adoptarea m\u0103surilor organizatorice care s\u0103 garanteze evitarea aglomera\u021biilor de persoane, in func\u021bie de dimensiunile si caracteristicile fiec\u0103rui spa\u021biu, in a\u0219a fel \u00eenc\u00e2t s\u0103 se garanteze pastrarea distantei de cel pu\u021bin un metru \u00eentre cei care asista&#8221;. A\u0219adar, \u00een\u021belegem ca se permite participarea la slujbe religioase atunci c\u00e2nd se respecta distan\u021b\u0103 impus\u0103. Cum se poate vedea, aceste dispozi\u021bii legale dau loc la multe interpret\u0103ri, \u0219i deci, destul de multe dintre aceste sanc\u021biuni se pot contesta din acest motiv, ob\u021bin\u00e2ndu-se anularea procesului-verbal al amenzii fie pe cale administrativ\u0103, fie pe cale contencioasa. \u00cen general, sumele amenzilor au fost destul de ustur\u0103toare, astfel, dac\u0103 ave\u021bi dubii privind motivele pentru care a\u021bi fost amendat, nu ezita\u021bi sa cere\u021bi p\u0103rerea avoca\u021bilor no\u0219tri.<\/p>\n<p>Daca doriti sa aflati mai multe informatii despre cum se contesta o amenda data in leg\u0103tura cu starea de urgent\u0103 sau v\u0103 afla\u021bi \u00eentr-o situa\u021bie \u00een care considerati ca sunt aplicabile prevederile legale din aceast\u0103 materie \u0219i ave\u021bi nevoie de avocat, respectiv de \u00eendrumare juridic\u0103, nu ezita\u021bi s\u0103 ne contacta\u021bi. Echipa biroului de avoca\u021bi rom\u00e2ni din Barcelona este specializat\u0103 \u00een <a href=\"https:\/\/www.marinpasalodos.com\/ro\/specializari-in-drept\/avocati-specializati-in-dreptul-penal\/\">drept penal<\/a>, <a href=\"https:\/\/www.marinpasalodos.com\/ro\/specializari-in-drept\/avocati-specializati-in-dreptul-civil\/\">drept civil<\/a> \u0219i <a href=\"https:\/\/www.marinpasalodos.com\/ro\/specializari-in-drept\/avocati-specializati-in-dreptul-muncii\/\">dreptul muncii<\/a> \u0219i depune toate diligentele necesare pentru a va ob\u021bine un rezultat care sa va satisfac\u0103. Ne pute\u021bi contacta la num\u0103rul de telefon (0034) 932006766, sau la adresa de e-mail <a href=\"mailto:secretaria@marinpasalodos.com\" target=\"_blank\" rel=\"noopener noreferrer\">secretaria@marinpasalodos.com<\/a>. V\u0103 mul\u021bumim pentru \u00eencrederea acordat\u0103!<\/p>\n","protected":false},"excerpt":{"rendered":"<p>In ultima luna, cu to\u021bii am auzit ca a fost aproape la ordinea zilei ca poli\u021bi\u0219tii sa amendeze persoanele care nu au respectat m\u0103surile de siguran\u021ba impuse prin lege. Motivele amenzilor au fost printre cele mai diverse, de exemplu, s-au sanc\u021bionat persoane pentru ca au mers sa \u00ee\u0219i cumpere cele necesare intr-un supermarket care nu  [&#8230;]<\/p>\n","protected":false},"author":3,"featured_media":0,"comment_status":"open","ping_status":"open","sticky":false,"template":"","format":"standard","meta":{"footnotes":""},"categories":[18],"tags":[],"class_list":["post-29126","post","type-post","status-publish","format-standard","hentry","category-blog-ro"],"yoast_head":"<!-- This site is optimized with the Yoast SEO plugin v27.4 - https:\/\/yoast.com\/product\/yoast-seo-wordpress\/ -->\n<title>Multe amenzi rela\u021bionate cu starea de urgent\u0103 por fi contestate, iar ulterior, procesul verbal prin care au fost constatate poate fi declarat NUL<\/title>\n<meta name=\"description\" content=\"Unele procese verbale de constatare ale acestor amenzi pot fi declarate in justi\u021bie NULE, av\u00e2nd in vedere ca s-au \u00eenc\u0103lcat condi\u021biile cerute de lege\" \/>\n<meta name=\"robots\" content=\"index, follow, max-snippet:-1, max-image-preview:large, max-video-preview:-1\" \/>\n<link rel=\"canonical\" href=\"https:\/\/www.marinpasalodos.com\/ro\/multe-amenzi-relationate-cu-starea-de-urgenta-por-fi-contestate-iar-ulterior-procesul-verbal-prin-care-au-fost-constatate-poate-fi-declarat-nul\/\" \/>\n<meta property=\"og:locale\" content=\"ro_RO\" \/>\n<meta property=\"og:type\" content=\"article\" \/>\n<meta property=\"og:title\" content=\"Multe amenzi rela\u021bionate cu starea de urgent\u0103 por fi contestate, iar ulterior, procesul verbal prin care au fost constatate poate fi declarat NUL\" \/>\n<meta property=\"og:description\" content=\"Unele procese verbale de constatare ale acestor amenzi pot fi declarate in justi\u021bie NULE, av\u00e2nd in vedere ca s-au \u00eenc\u0103lcat condi\u021biile cerute de lege\" \/>\n<meta property=\"og:url\" content=\"https:\/\/www.marinpasalodos.com\/ro\/multe-amenzi-relationate-cu-starea-de-urgenta-por-fi-contestate-iar-ulterior-procesul-verbal-prin-care-au-fost-constatate-poate-fi-declarat-nul\/\" \/>\n<meta property=\"og:site_name\" content=\"Abogados Marin Pasalodos\" \/>\n<meta property=\"article:published_time\" content=\"2020-04-27T09:54:48+00:00\" \/>\n<meta property=\"article:modified_time\" content=\"2020-04-27T09:59:19+00:00\" \/>\n<meta property=\"og:image\" content=\"https:\/\/www.marinpasalodos.com\/wp-content\/uploads\/2017\/05\/acoso-stalking.png\" \/>\n<meta name=\"author\" content=\"Marin Pasalodos\" \/>\n<meta name=\"twitter:label1\" content=\"Scris de\" \/>\n\t<meta name=\"twitter:data1\" content=\"Marin Pasalodos\" \/>\n\t<meta name=\"twitter:label2\" content=\"Timp estimat pentru citire\" \/>\n\t<meta name=\"twitter:data2\" content=\"4 minute\" \/>\n<script type=\"application\/ld+json\" class=\"yoast-schema-graph\">{\"@context\":\"https:\\\/\\\/schema.org\",\"@graph\":[{\"@type\":\"Article\",\"@id\":\"https:\\\/\\\/www.marinpasalodos.com\\\/ro\\\/multe-amenzi-relationate-cu-starea-de-urgenta-por-fi-contestate-iar-ulterior-procesul-verbal-prin-care-au-fost-constatate-poate-fi-declarat-nul\\\/#article\",\"isPartOf\":{\"@id\":\"https:\\\/\\\/www.marinpasalodos.com\\\/ro\\\/multe-amenzi-relationate-cu-starea-de-urgenta-por-fi-contestate-iar-ulterior-procesul-verbal-prin-care-au-fost-constatate-poate-fi-declarat-nul\\\/\"},\"author\":{\"name\":\"Marin Pasalodos\",\"@id\":\"https:\\\/\\\/www.marinpasalodos.com\\\/#\\\/schema\\\/person\\\/a7cd50af82f7eb6620b15e4bfcc71eae\"},\"headline\":\"Multe amenzi rela\u021bionate cu starea de urgent\u0103 por fi contestate, iar ulterior, procesul verbal prin care au fost constatate poate fi declarat NUL\",\"datePublished\":\"2020-04-27T09:54:48+00:00\",\"dateModified\":\"2020-04-27T09:59:19+00:00\",\"mainEntityOfPage\":{\"@id\":\"https:\\\/\\\/www.marinpasalodos.com\\\/ro\\\/multe-amenzi-relationate-cu-starea-de-urgenta-por-fi-contestate-iar-ulterior-procesul-verbal-prin-care-au-fost-constatate-poate-fi-declarat-nul\\\/\"},\"wordCount\":796,\"commentCount\":0,\"image\":{\"@id\":\"https:\\\/\\\/www.marinpasalodos.com\\\/ro\\\/multe-amenzi-relationate-cu-starea-de-urgenta-por-fi-contestate-iar-ulterior-procesul-verbal-prin-care-au-fost-constatate-poate-fi-declarat-nul\\\/#primaryimage\"},\"thumbnailUrl\":\"https:\\\/\\\/www.marinpasalodos.com\\\/wp-content\\\/uploads\\\/2017\\\/05\\\/acoso-stalking.png\",\"articleSection\":[\"Blog\"],\"inLanguage\":\"ro-RO\",\"potentialAction\":[{\"@type\":\"CommentAction\",\"name\":\"Comment\",\"target\":[\"https:\\\/\\\/www.marinpasalodos.com\\\/ro\\\/multe-amenzi-relationate-cu-starea-de-urgenta-por-fi-contestate-iar-ulterior-procesul-verbal-prin-care-au-fost-constatate-poate-fi-declarat-nul\\\/#respond\"]}]},{\"@type\":\"WebPage\",\"@id\":\"https:\\\/\\\/www.marinpasalodos.com\\\/ro\\\/multe-amenzi-relationate-cu-starea-de-urgenta-por-fi-contestate-iar-ulterior-procesul-verbal-prin-care-au-fost-constatate-poate-fi-declarat-nul\\\/\",\"url\":\"https:\\\/\\\/www.marinpasalodos.com\\\/ro\\\/multe-amenzi-relationate-cu-starea-de-urgenta-por-fi-contestate-iar-ulterior-procesul-verbal-prin-care-au-fost-constatate-poate-fi-declarat-nul\\\/\",\"name\":\"Multe amenzi rela\u021bionate cu starea de urgent\u0103 por fi contestate, iar ulterior, procesul verbal prin care au fost constatate poate fi declarat NUL\",\"isPartOf\":{\"@id\":\"https:\\\/\\\/www.marinpasalodos.com\\\/#website\"},\"primaryImageOfPage\":{\"@id\":\"https:\\\/\\\/www.marinpasalodos.com\\\/ro\\\/multe-amenzi-relationate-cu-starea-de-urgenta-por-fi-contestate-iar-ulterior-procesul-verbal-prin-care-au-fost-constatate-poate-fi-declarat-nul\\\/#primaryimage\"},\"image\":{\"@id\":\"https:\\\/\\\/www.marinpasalodos.com\\\/ro\\\/multe-amenzi-relationate-cu-starea-de-urgenta-por-fi-contestate-iar-ulterior-procesul-verbal-prin-care-au-fost-constatate-poate-fi-declarat-nul\\\/#primaryimage\"},\"thumbnailUrl\":\"https:\\\/\\\/www.marinpasalodos.com\\\/wp-content\\\/uploads\\\/2017\\\/05\\\/acoso-stalking.png\",\"datePublished\":\"2020-04-27T09:54:48+00:00\",\"dateModified\":\"2020-04-27T09:59:19+00:00\",\"author\":{\"@id\":\"https:\\\/\\\/www.marinpasalodos.com\\\/#\\\/schema\\\/person\\\/a7cd50af82f7eb6620b15e4bfcc71eae\"},\"description\":\"Unele procese verbale de constatare ale acestor amenzi pot fi declarate in justi\u021bie NULE, av\u00e2nd in vedere ca s-au \u00eenc\u0103lcat condi\u021biile cerute de lege\",\"breadcrumb\":{\"@id\":\"https:\\\/\\\/www.marinpasalodos.com\\\/ro\\\/multe-amenzi-relationate-cu-starea-de-urgenta-por-fi-contestate-iar-ulterior-procesul-verbal-prin-care-au-fost-constatate-poate-fi-declarat-nul\\\/#breadcrumb\"},\"inLanguage\":\"ro-RO\",\"potentialAction\":[{\"@type\":\"ReadAction\",\"target\":[\"https:\\\/\\\/www.marinpasalodos.com\\\/ro\\\/multe-amenzi-relationate-cu-starea-de-urgenta-por-fi-contestate-iar-ulterior-procesul-verbal-prin-care-au-fost-constatate-poate-fi-declarat-nul\\\/\"]}]},{\"@type\":\"ImageObject\",\"inLanguage\":\"ro-RO\",\"@id\":\"https:\\\/\\\/www.marinpasalodos.com\\\/ro\\\/multe-amenzi-relationate-cu-starea-de-urgenta-por-fi-contestate-iar-ulterior-procesul-verbal-prin-care-au-fost-constatate-poate-fi-declarat-nul\\\/#primaryimage\",\"url\":\"https:\\\/\\\/www.marinpasalodos.com\\\/wp-content\\\/uploads\\\/2017\\\/05\\\/acoso-stalking.png\",\"contentUrl\":\"https:\\\/\\\/www.marinpasalodos.com\\\/wp-content\\\/uploads\\\/2017\\\/05\\\/acoso-stalking.png\"},{\"@type\":\"BreadcrumbList\",\"@id\":\"https:\\\/\\\/www.marinpasalodos.com\\\/ro\\\/multe-amenzi-relationate-cu-starea-de-urgenta-por-fi-contestate-iar-ulterior-procesul-verbal-prin-care-au-fost-constatate-poate-fi-declarat-nul\\\/#breadcrumb\",\"itemListElement\":[{\"@type\":\"ListItem\",\"position\":1,\"name\":\"Home\",\"item\":\"https:\\\/\\\/www.marinpasalodos.com\\\/ro\\\/\"},{\"@type\":\"ListItem\",\"position\":2,\"name\":\"Multe amenzi rela\u021bionate cu starea de urgent\u0103 por fi contestate, iar ulterior, procesul verbal prin care au fost constatate poate fi declarat NUL\"}]},{\"@type\":\"WebSite\",\"@id\":\"https:\\\/\\\/www.marinpasalodos.com\\\/#website\",\"url\":\"https:\\\/\\\/www.marinpasalodos.com\\\/\",\"name\":\"Abogados Marin Pasalodos\",\"description\":\"Bufete de abogados en Barcelona Marin\",\"potentialAction\":[{\"@type\":\"SearchAction\",\"target\":{\"@type\":\"EntryPoint\",\"urlTemplate\":\"https:\\\/\\\/www.marinpasalodos.com\\\/?s={search_term_string}\"},\"query-input\":{\"@type\":\"PropertyValueSpecification\",\"valueRequired\":true,\"valueName\":\"search_term_string\"}}],\"inLanguage\":\"ro-RO\"},{\"@type\":\"Person\",\"@id\":\"https:\\\/\\\/www.marinpasalodos.com\\\/#\\\/schema\\\/person\\\/a7cd50af82f7eb6620b15e4bfcc71eae\",\"name\":\"Marin Pasalodos\",\"url\":\"https:\\\/\\\/www.marinpasalodos.com\\\/ro\\\/author\\\/xenesis\\\/\"}]}<\/script>\n<!-- \/ Yoast SEO plugin. -->","yoast_head_json":{"title":"Multe amenzi rela\u021bionate cu starea de urgent\u0103 por fi contestate, iar ulterior, procesul verbal prin care au fost constatate poate fi declarat NUL","description":"Unele procese verbale de constatare ale acestor amenzi pot fi declarate in justi\u021bie NULE, av\u00e2nd in vedere ca s-au \u00eenc\u0103lcat condi\u021biile cerute de lege","robots":{"index":"index","follow":"follow","max-snippet":"max-snippet:-1","max-image-preview":"max-image-preview:large","max-video-preview":"max-video-preview:-1"},"canonical":"https:\/\/www.marinpasalodos.com\/ro\/multe-amenzi-relationate-cu-starea-de-urgenta-por-fi-contestate-iar-ulterior-procesul-verbal-prin-care-au-fost-constatate-poate-fi-declarat-nul\/","og_locale":"ro_RO","og_type":"article","og_title":"Multe amenzi rela\u021bionate cu starea de urgent\u0103 por fi contestate, iar ulterior, procesul verbal prin care au fost constatate poate fi declarat NUL","og_description":"Unele procese verbale de constatare ale acestor amenzi pot fi declarate in justi\u021bie NULE, av\u00e2nd in vedere ca s-au \u00eenc\u0103lcat condi\u021biile cerute de lege","og_url":"https:\/\/www.marinpasalodos.com\/ro\/multe-amenzi-relationate-cu-starea-de-urgenta-por-fi-contestate-iar-ulterior-procesul-verbal-prin-care-au-fost-constatate-poate-fi-declarat-nul\/","og_site_name":"Abogados Marin Pasalodos","article_published_time":"2020-04-27T09:54:48+00:00","article_modified_time":"2020-04-27T09:59:19+00:00","og_image":[{"url":"https:\/\/www.marinpasalodos.com\/wp-content\/uploads\/2017\/05\/acoso-stalking.png","type":"","width":"","height":""}],"author":"Marin Pasalodos","twitter_misc":{"Scris de":"Marin Pasalodos","Timp estimat pentru citire":"4 minute"},"schema":{"@context":"https:\/\/schema.org","@graph":[{"@type":"Article","@id":"https:\/\/www.marinpasalodos.com\/ro\/multe-amenzi-relationate-cu-starea-de-urgenta-por-fi-contestate-iar-ulterior-procesul-verbal-prin-care-au-fost-constatate-poate-fi-declarat-nul\/#article","isPartOf":{"@id":"https:\/\/www.marinpasalodos.com\/ro\/multe-amenzi-relationate-cu-starea-de-urgenta-por-fi-contestate-iar-ulterior-procesul-verbal-prin-care-au-fost-constatate-poate-fi-declarat-nul\/"},"author":{"name":"Marin Pasalodos","@id":"https:\/\/www.marinpasalodos.com\/#\/schema\/person\/a7cd50af82f7eb6620b15e4bfcc71eae"},"headline":"Multe amenzi rela\u021bionate cu starea de urgent\u0103 por fi contestate, iar ulterior, procesul verbal prin care au fost constatate poate fi declarat NUL","datePublished":"2020-04-27T09:54:48+00:00","dateModified":"2020-04-27T09:59:19+00:00","mainEntityOfPage":{"@id":"https:\/\/www.marinpasalodos.com\/ro\/multe-amenzi-relationate-cu-starea-de-urgenta-por-fi-contestate-iar-ulterior-procesul-verbal-prin-care-au-fost-constatate-poate-fi-declarat-nul\/"},"wordCount":796,"commentCount":0,"image":{"@id":"https:\/\/www.marinpasalodos.com\/ro\/multe-amenzi-relationate-cu-starea-de-urgenta-por-fi-contestate-iar-ulterior-procesul-verbal-prin-care-au-fost-constatate-poate-fi-declarat-nul\/#primaryimage"},"thumbnailUrl":"https:\/\/www.marinpasalodos.com\/wp-content\/uploads\/2017\/05\/acoso-stalking.png","articleSection":["Blog"],"inLanguage":"ro-RO","potentialAction":[{"@type":"CommentAction","name":"Comment","target":["https:\/\/www.marinpasalodos.com\/ro\/multe-amenzi-relationate-cu-starea-de-urgenta-por-fi-contestate-iar-ulterior-procesul-verbal-prin-care-au-fost-constatate-poate-fi-declarat-nul\/#respond"]}]},{"@type":"WebPage","@id":"https:\/\/www.marinpasalodos.com\/ro\/multe-amenzi-relationate-cu-starea-de-urgenta-por-fi-contestate-iar-ulterior-procesul-verbal-prin-care-au-fost-constatate-poate-fi-declarat-nul\/","url":"https:\/\/www.marinpasalodos.com\/ro\/multe-amenzi-relationate-cu-starea-de-urgenta-por-fi-contestate-iar-ulterior-procesul-verbal-prin-care-au-fost-constatate-poate-fi-declarat-nul\/","name":"Multe amenzi rela\u021bionate cu starea de urgent\u0103 por fi contestate, iar ulterior, procesul verbal prin care au fost constatate poate fi declarat NUL","isPartOf":{"@id":"https:\/\/www.marinpasalodos.com\/#website"},"primaryImageOfPage":{"@id":"https:\/\/www.marinpasalodos.com\/ro\/multe-amenzi-relationate-cu-starea-de-urgenta-por-fi-contestate-iar-ulterior-procesul-verbal-prin-care-au-fost-constatate-poate-fi-declarat-nul\/#primaryimage"},"image":{"@id":"https:\/\/www.marinpasalodos.com\/ro\/multe-amenzi-relationate-cu-starea-de-urgenta-por-fi-contestate-iar-ulterior-procesul-verbal-prin-care-au-fost-constatate-poate-fi-declarat-nul\/#primaryimage"},"thumbnailUrl":"https:\/\/www.marinpasalodos.com\/wp-content\/uploads\/2017\/05\/acoso-stalking.png","datePublished":"2020-04-27T09:54:48+00:00","dateModified":"2020-04-27T09:59:19+00:00","author":{"@id":"https:\/\/www.marinpasalodos.com\/#\/schema\/person\/a7cd50af82f7eb6620b15e4bfcc71eae"},"description":"Unele procese verbale de constatare ale acestor amenzi pot fi declarate in justi\u021bie NULE, av\u00e2nd in vedere ca s-au \u00eenc\u0103lcat condi\u021biile cerute de lege","breadcrumb":{"@id":"https:\/\/www.marinpasalodos.com\/ro\/multe-amenzi-relationate-cu-starea-de-urgenta-por-fi-contestate-iar-ulterior-procesul-verbal-prin-care-au-fost-constatate-poate-fi-declarat-nul\/#breadcrumb"},"inLanguage":"ro-RO","potentialAction":[{"@type":"ReadAction","target":["https:\/\/www.marinpasalodos.com\/ro\/multe-amenzi-relationate-cu-starea-de-urgenta-por-fi-contestate-iar-ulterior-procesul-verbal-prin-care-au-fost-constatate-poate-fi-declarat-nul\/"]}]},{"@type":"ImageObject","inLanguage":"ro-RO","@id":"https:\/\/www.marinpasalodos.com\/ro\/multe-amenzi-relationate-cu-starea-de-urgenta-por-fi-contestate-iar-ulterior-procesul-verbal-prin-care-au-fost-constatate-poate-fi-declarat-nul\/#primaryimage","url":"https:\/\/www.marinpasalodos.com\/wp-content\/uploads\/2017\/05\/acoso-stalking.png","contentUrl":"https:\/\/www.marinpasalodos.com\/wp-content\/uploads\/2017\/05\/acoso-stalking.png"},{"@type":"BreadcrumbList","@id":"https:\/\/www.marinpasalodos.com\/ro\/multe-amenzi-relationate-cu-starea-de-urgenta-por-fi-contestate-iar-ulterior-procesul-verbal-prin-care-au-fost-constatate-poate-fi-declarat-nul\/#breadcrumb","itemListElement":[{"@type":"ListItem","position":1,"name":"Home","item":"https:\/\/www.marinpasalodos.com\/ro\/"},{"@type":"ListItem","position":2,"name":"Multe amenzi rela\u021bionate cu starea de urgent\u0103 por fi contestate, iar ulterior, procesul verbal prin care au fost constatate poate fi declarat NUL"}]},{"@type":"WebSite","@id":"https:\/\/www.marinpasalodos.com\/#website","url":"https:\/\/www.marinpasalodos.com\/","name":"Abogados Marin Pasalodos","description":"Bufete de abogados en Barcelona Marin","potentialAction":[{"@type":"SearchAction","target":{"@type":"EntryPoint","urlTemplate":"https:\/\/www.marinpasalodos.com\/?s={search_term_string}"},"query-input":{"@type":"PropertyValueSpecification","valueRequired":true,"valueName":"search_term_string"}}],"inLanguage":"ro-RO"},{"@type":"Person","@id":"https:\/\/www.marinpasalodos.com\/#\/schema\/person\/a7cd50af82f7eb6620b15e4bfcc71eae","name":"Marin Pasalodos","url":"https:\/\/www.marinpasalodos.com\/ro\/author\/xenesis\/"}]}},"_links":{"self":[{"href":"https:\/\/www.marinpasalodos.com\/ro\/wp-json\/wp\/v2\/posts\/29126","targetHints":{"allow":["GET"]}}],"collection":[{"href":"https:\/\/www.marinpasalodos.com\/ro\/wp-json\/wp\/v2\/posts"}],"about":[{"href":"https:\/\/www.marinpasalodos.com\/ro\/wp-json\/wp\/v2\/types\/post"}],"author":[{"embeddable":true,"href":"https:\/\/www.marinpasalodos.com\/ro\/wp-json\/wp\/v2\/users\/3"}],"replies":[{"embeddable":true,"href":"https:\/\/www.marinpasalodos.com\/ro\/wp-json\/wp\/v2\/comments?post=29126"}],"version-history":[{"count":2,"href":"https:\/\/www.marinpasalodos.com\/ro\/wp-json\/wp\/v2\/posts\/29126\/revisions"}],"predecessor-version":[{"id":29128,"href":"https:\/\/www.marinpasalodos.com\/ro\/wp-json\/wp\/v2\/posts\/29126\/revisions\/29128"}],"wp:attachment":[{"href":"https:\/\/www.marinpasalodos.com\/ro\/wp-json\/wp\/v2\/media?parent=29126"}],"wp:term":[{"taxonomy":"category","embeddable":true,"href":"https:\/\/www.marinpasalodos.com\/ro\/wp-json\/wp\/v2\/categories?post=29126"},{"taxonomy":"post_tag","embeddable":true,"href":"https:\/\/www.marinpasalodos.com\/ro\/wp-json\/wp\/v2\/tags?post=29126"}],"curies":[{"name":"wp","href":"https:\/\/api.w.org\/{rel}","templated":true}]}}