{"id":29143,"date":"2020-05-13T08:44:29","date_gmt":"2020-05-13T08:44:29","guid":{"rendered":"https:\/\/www.marinpasalodos.com\/consideratii-privind-ordinul-jus-394-2020-din-data-de-8-mai-prin-care-se-aproba-schema-de-siguranta-in-munca-si-planul-de-diminuare-covid-19-in-sectorul-justitiei\/"},"modified":"2020-05-13T08:49:13","modified_gmt":"2020-05-13T08:49:13","slug":"consideratii-privind-ordinul-jus-394-2020-din-data-de-8-mai-prin-care-se-aproba-schema-de-siguranta-in-munca-si-planul-de-diminuare-covid-19-in-sectorul-justitiei","status":"publish","type":"post","link":"https:\/\/www.marinpasalodos.com\/ro\/consideratii-privind-ordinul-jus-394-2020-din-data-de-8-mai-prin-care-se-aproba-schema-de-siguranta-in-munca-si-planul-de-diminuare-covid-19-in-sectorul-justitiei\/","title":{"rendered":"Considera\u021bii privind Ordinul JUS 394\/2020 din data de 8 mai, prin care se aproba Schema de Siguran\u021ba in munca \u0219i Planul de Diminuare COVID-19 \u00een sectorul Justi\u021biei"},"content":{"rendered":"<p>Impactul pe care actuala criza sanitar\u0103 \u00eel are in func\u021bionarea sistemului juridic este, f\u0103r\u0103 doar \u0219i poate, unul foarte puternic \u0219i care afecteaz\u0103 enorm. La \u00eenceput, Decretul 463\/2020 din 14 martie, prin care s-a activat starea de urgent\u0103, a impus paralizarea aproape completa a activit\u0103\u021bii judiciare in Spania, cu excep\u021bia unor cazuri \u0219i proceduri considerate urgente.<\/p>\n<p>In acela\u0219i timp, in fata acestei situa\u021bii de urgent\u0103 sanitar\u0103, economic\u0103 \u0219i social\u0103 la nivel mondial noi consideram ca este obligatoriu sa existe totu\u0219i posibilitatea de ap\u0103rare a drepturilor persoanelor mai vulnerabile, \u0219i mai ales a celor prejudiciati de ceea ce se \u00eent\u00e2mpla. A\u0219adar, e clar ca se impunea punerea in mi\u0219care a ma\u0219in\u0103riei judiciare, caci un stat nu poate func\u021biona f\u0103r\u0103 sistem legal activ.<!--more--><\/p>\n<p>A\u0219a cum declarau surse ministeriale, planul era ca func\u021bionarii sa se \u00eencorporeze, treptat, astfel \u00eenc\u00e2t atunci c\u00e2nd se va ridica starea de alarma, totul sa fie preg\u0103tit pentru a se \u00eencepe deja lucrul in instan\u021be. S-a \u00eencercat, astfel, luarea m\u0103surilor; de exemplu, pe 28 aprilie s-a aprobat Decretul 16\/2020 prin care se f\u0103ceau publice m\u0103surile procesuale \u0219i organizatorice pentru a face fata consecin\u021belor COVID-19 in terenul justi\u021biei. A fost \u00eens\u0103 criticat, caci nu rezolva problema existenta a unui posibil colaps judiciar. Din acest motiv, in data de 8 mai, s-a emis Ordinul JUS\/ 394\/2020, prin care se aproba Schema de Siguran\u021ba in munca din sectorul judiciar precum \u0219i Planul de Diminuare COVID-19 \u00een acela\u0219i sector, mai exact acest &#8222;plan de desescalada&#8221; despre care tot auzim. Practic, se explica cum ne preg\u0103tim petru reintrarea in normal, respectiv cum trebuie sa se ac\u021bioneze in sediile judiciare.<\/p>\n<h2>Planul de Diminuare COVID-19 &#8211; cele 4 etape<\/h2>\n<p>In continuare, vrem sa detaliem unele dintre punctele principale aprobate in Decretul men\u021bionat: <a href=\"https:\/\/www.marinpasalodos.com\/wp-content\/uploads\/2017\/10\/justitie-balanta.png\"><img decoding=\"async\" class=\"alignright  wp-image-27463\" src=\"https:\/\/www.marinpasalodos.com\/wp-content\/uploads\/2017\/10\/justitie-balanta.png\" alt=\"justitie avocat barcelona\" width=\"512\" height=\"377\" srcset=\"https:\/\/www.marinpasalodos.com\/wp-content\/uploads\/2017\/10\/justitie-balanta-300x221.png 300w, https:\/\/www.marinpasalodos.com\/wp-content\/uploads\/2017\/10\/justitie-balanta-500x368.png 500w, https:\/\/www.marinpasalodos.com\/wp-content\/uploads\/2017\/10\/justitie-balanta-700x515.png 700w, https:\/\/www.marinpasalodos.com\/wp-content\/uploads\/2017\/10\/justitie-balanta-768x565.png 768w, https:\/\/www.marinpasalodos.com\/wp-content\/uploads\/2017\/10\/justitie-balanta-1024x754.png 1024w, https:\/\/www.marinpasalodos.com\/wp-content\/uploads\/2017\/10\/justitie-balanta.png 2000w\" sizes=\"(max-width: 512px) 100vw, 512px\" \/><\/a><\/p>\n<p>1. Prin aprobarea Planului de Diminuare COVID-19 se identifica 4 etape.<\/p>\n<p>-Prima faza a \u00eenceput cu data de 12 mai 2020, fiind prima zi de reincorporare programat\u0103 a unui procent \u00eentre 30% \u0219i 40% din personalul fiec\u0103rui sediu. Angaja\u021bii care nu trebuie neaparat sa presteze servicii la birou \u00ee\u0219i vor putea exercita atribu\u021biile de acas\u0103, mereu c\u00e2nd ei solicita acest lucru \u0219i li s-a pus la dispozi\u021bie dispozitive cu acces securizat la sistemele \u0219i aplica\u021biile cu care se opereaz\u0103 in justitie.<\/p>\n<p>-A doua faza: preg\u0103tirea pentru reactivarea curgerii termenelor procedurale, care va \u00eencepe dup\u0103 ce a trecut m\u0103car o s\u0103pt\u0103m\u00e2na de la ini\u021bierea primei faze.<br \/>\nI\u0219i va relua activitatea un procent \u00eentre 60-70% din personal, muncind in ture de diminea\u021ba \u0219i dup\u0103-amiaza.<\/p>\n<p>-In faza 3, se va desf\u0103\u0219ura activitatea normala, curg termenele procedurale in mod obi\u0219nuit, \u0219i se va trece la aceasta etapa dup\u0103 ce vor fi trecut m\u0103car doua s\u0103pt\u0103m\u00e2ni de la \u00eenceputul fazei 2. To\u021bi angaja\u021bii se vor re\u00eentoarce la serviciu.<\/p>\n<p>-In faza 4, totul se preconizeaz\u0103 ca va decurge ca \u0219i \u00eenainte de declararea starii de urgent\u0103, \u0219i va avea loc atunci c\u00e2nd se vor ridica \u0219i m\u0103surile sanitare.<\/p>\n<p>2. De asemenea, se aproba \u0219i m\u0103surile de siguran\u021ba in munca, pentru diminuarea \u0219i evitarea riscului de r\u0103sp\u00e2ndire al virusului:<br \/>\n-se va respecta distan\u021ba neaparat, vor exista m\u0103suri obligatorii de igiena, se vor ajusta \u0219i condi\u021biile de munca. De exemplu, se va pune la dispozi\u021bia tuturor geluri dezinfectante, mai ales in locurile din apropierea u\u0219ilor de intrare\/ ie\u0219ire din sediile judiciare, l\u00e2ng\u0103 lifturi, l\u00e2ng\u0103 imprimante \u0219i alte obiecte de uz comun, etc. Clar, e obligatorie folosirea solu\u021biilor de igien\u0103 de c\u0103tre toate persoanele care intra in sediu. In plus, se va efectua cur\u0103\u021benie \u0219i dezinfectare frecventa, \u0219i se va acorda o atentie special\u0103 zonelor de uz comun \u0219i de tranzit ridicat.<\/p>\n<p>3. Se stabilesc criteriile pentru turele de dup\u0103-amiaza: doar c\u00e2nd recomand\u0103rile sanitare permit acest lucru, in prima tura, cea obi\u0219nuit\u0103 de diminea\u021ba, vor fi prezen\u021bi \u00eentre 70-80% dintre cei care trebuie sa se reincorporeze in fiecare faza, iar in tura de seara, restul de doar 20-30%. Mai mult, participarea in tura de munca de dup\u0103-amiaza este voluntara.<\/p>\n<h2>Recuperarea economic\u0103 a celor mai vulnerabile colective<\/h2>\n<p>Va mai precizam ca multe organiza\u021bii sindicale au criticat acest Ordin \u0219i sunt \u00eempotriva realizarii sale \u00eentruc\u00e2t afirm\u0103 ca aceste m\u0103suri nu respecta suspendarea temporara a activit\u0103\u021bii lucrative atunci c\u00e2nd exista risc cert de contaminare, \u0219i ca nici nu se garanteaz\u0103 ap\u0103rarea s\u0103n\u0103t\u0103\u021bii personalului judiciar. Cu toate astea, noi, avoca\u021bii cabinetului Marin&amp;Pasalodos din Barcelona consideram ca desi unele dintre aceste m\u0103suri genereaz\u0103 controverse, acest Ordin e un pas important c\u0103tre un efort comun de a evita colapsul Administra\u021biei Justi\u021biei Spaniole, \u0219i in acela\u0219i timp, ajuta spre o recuperare economic\u0103 a celor mai vulnerabile colective.<\/p>\n<p>Pe aceasta cale, va reamintim ca noi ne-am reluat activitatea la sediul cabinetului din Rambla Catalunya nr. 14, Barcelona. Daca doriti sa aflati mai multe informatii despre nout\u0103\u021bile legale din perioada de criza actuala, sau dac\u0103 ave\u021bi nevoie de avocat, respectiv de \u00eendrumare juridic\u0103, nu ezita\u021bi s\u0103 ne contacta\u021bi. Echipa <a href=\"\/ro\/\">biroului de avoca\u021bi rom\u00e2ni din Barcelona<\/a> este specializat\u0103 \u00een <a href=\"https:\/\/www.marinpasalodos.com\/ro\/specializari-in-drept\/avocati-specializati-in-dreptul-penal\/\">drept penal<\/a>, <a href=\"https:\/\/www.marinpasalodos.com\/ro\/specializari-in-drept\/avocati-specializati-in-dreptul-civil\/\">drept civil<\/a> \u0219i <a href=\"https:\/\/www.marinpasalodos.com\/ro\/specializari-in-drept\/avocati-specializati-in-dreptul-muncii\/\">dreptul muncii<\/a> \u0219i depune toate diligentele necesare pentru a va ob\u021bine un rezultat care sa va satisfac\u0103. Ne pute\u021bi contacta la num\u0103rul de telefon (0034) 932006766, sau la adresa de e-mail secretaria@marinpasalodos.com. V\u0103 mul\u021bumim pentru \u00eencrederea acordat\u0103!<\/p>\n","protected":false},"excerpt":{"rendered":"<p>Impactul pe care actuala criza sanitar\u0103 \u00eel are in func\u021bionarea sistemului juridic este, f\u0103r\u0103 doar \u0219i poate, unul foarte puternic \u0219i care afecteaz\u0103 enorm. La \u00eenceput, Decretul 463\/2020 din 14 martie, prin care s-a activat starea de urgent\u0103, a impus paralizarea aproape completa a activit\u0103\u021bii judiciare in Spania, cu excep\u021bia unor cazuri \u0219i proceduri considerate  [&#8230;]<\/p>\n","protected":false},"author":3,"featured_media":0,"comment_status":"open","ping_status":"open","sticky":false,"template":"","format":"standard","meta":{"footnotes":""},"categories":[18],"tags":[],"class_list":["post-29143","post","type-post","status-publish","format-standard","hentry","category-blog-ro"],"yoast_head":"<!-- This site is optimized with the Yoast SEO plugin v27.4 - https:\/\/yoast.com\/product\/yoast-seo-wordpress\/ -->\n<title>Considera\u021bii privind Ordinul JUS 394\/2020 din data de 8 mai, prin care se aproba Schema de Siguran\u021ba in munca \u0219i Planul de Diminuare COVID-19 \u00een sectorul Justi\u021biei<\/title>\n<meta name=\"description\" content=\"Ordinul JUS\/ 394\/2020, prin care se aproba Schema de Siguran\u021ba in munca din sectorul judiciar precum \u0219i Planul de Diminuare COVID-19 \u00een acela\u0219i sector\" \/>\n<meta name=\"robots\" content=\"index, follow, max-snippet:-1, max-image-preview:large, max-video-preview:-1\" \/>\n<link rel=\"canonical\" href=\"https:\/\/www.marinpasalodos.com\/ro\/consideratii-privind-ordinul-jus-394-2020-din-data-de-8-mai-prin-care-se-aproba-schema-de-siguranta-in-munca-si-planul-de-diminuare-covid-19-in-sectorul-justitiei\/\" \/>\n<meta property=\"og:locale\" content=\"ro_RO\" \/>\n<meta property=\"og:type\" content=\"article\" \/>\n<meta property=\"og:title\" content=\"Considera\u021bii privind Ordinul JUS 394\/2020 din data de 8 mai, prin care se aproba Schema de Siguran\u021ba in munca \u0219i Planul de Diminuare COVID-19 \u00een sectorul Justi\u021biei\" \/>\n<meta property=\"og:description\" content=\"Ordinul JUS\/ 394\/2020, prin care se aproba Schema de Siguran\u021ba in munca din sectorul judiciar precum \u0219i Planul de Diminuare COVID-19 \u00een acela\u0219i sector\" \/>\n<meta property=\"og:url\" content=\"https:\/\/www.marinpasalodos.com\/ro\/consideratii-privind-ordinul-jus-394-2020-din-data-de-8-mai-prin-care-se-aproba-schema-de-siguranta-in-munca-si-planul-de-diminuare-covid-19-in-sectorul-justitiei\/\" \/>\n<meta property=\"og:site_name\" content=\"Abogados Marin Pasalodos\" \/>\n<meta property=\"article:published_time\" content=\"2020-05-13T08:44:29+00:00\" \/>\n<meta property=\"article:modified_time\" content=\"2020-05-13T08:49:13+00:00\" \/>\n<meta property=\"og:image\" content=\"https:\/\/www.marinpasalodos.com\/wp-content\/uploads\/2017\/10\/justitie-balanta.png\" \/>\n<meta name=\"author\" content=\"Marin Pasalodos\" \/>\n<meta name=\"twitter:label1\" content=\"Scris de\" \/>\n\t<meta name=\"twitter:data1\" content=\"Marin Pasalodos\" \/>\n\t<meta name=\"twitter:label2\" content=\"Timp estimat pentru citire\" \/>\n\t<meta name=\"twitter:data2\" content=\"5 minute\" \/>\n<script type=\"application\/ld+json\" class=\"yoast-schema-graph\">{\"@context\":\"https:\\\/\\\/schema.org\",\"@graph\":[{\"@type\":\"Article\",\"@id\":\"https:\\\/\\\/www.marinpasalodos.com\\\/ro\\\/consideratii-privind-ordinul-jus-394-2020-din-data-de-8-mai-prin-care-se-aproba-schema-de-siguranta-in-munca-si-planul-de-diminuare-covid-19-in-sectorul-justitiei\\\/#article\",\"isPartOf\":{\"@id\":\"https:\\\/\\\/www.marinpasalodos.com\\\/ro\\\/consideratii-privind-ordinul-jus-394-2020-din-data-de-8-mai-prin-care-se-aproba-schema-de-siguranta-in-munca-si-planul-de-diminuare-covid-19-in-sectorul-justitiei\\\/\"},\"author\":{\"name\":\"Marin Pasalodos\",\"@id\":\"https:\\\/\\\/www.marinpasalodos.com\\\/#\\\/schema\\\/person\\\/a7cd50af82f7eb6620b15e4bfcc71eae\"},\"headline\":\"Considera\u021bii privind Ordinul JUS 394\\\/2020 din data de 8 mai, prin care se aproba Schema de Siguran\u021ba in munca \u0219i Planul de Diminuare COVID-19 \u00een sectorul Justi\u021biei\",\"datePublished\":\"2020-05-13T08:44:29+00:00\",\"dateModified\":\"2020-05-13T08:49:13+00:00\",\"mainEntityOfPage\":{\"@id\":\"https:\\\/\\\/www.marinpasalodos.com\\\/ro\\\/consideratii-privind-ordinul-jus-394-2020-din-data-de-8-mai-prin-care-se-aproba-schema-de-siguranta-in-munca-si-planul-de-diminuare-covid-19-in-sectorul-justitiei\\\/\"},\"wordCount\":963,\"commentCount\":0,\"image\":{\"@id\":\"https:\\\/\\\/www.marinpasalodos.com\\\/ro\\\/consideratii-privind-ordinul-jus-394-2020-din-data-de-8-mai-prin-care-se-aproba-schema-de-siguranta-in-munca-si-planul-de-diminuare-covid-19-in-sectorul-justitiei\\\/#primaryimage\"},\"thumbnailUrl\":\"https:\\\/\\\/www.marinpasalodos.com\\\/wp-content\\\/uploads\\\/2017\\\/10\\\/justitie-balanta.png\",\"articleSection\":[\"Blog\"],\"inLanguage\":\"ro-RO\",\"potentialAction\":[{\"@type\":\"CommentAction\",\"name\":\"Comment\",\"target\":[\"https:\\\/\\\/www.marinpasalodos.com\\\/ro\\\/consideratii-privind-ordinul-jus-394-2020-din-data-de-8-mai-prin-care-se-aproba-schema-de-siguranta-in-munca-si-planul-de-diminuare-covid-19-in-sectorul-justitiei\\\/#respond\"]}]},{\"@type\":\"WebPage\",\"@id\":\"https:\\\/\\\/www.marinpasalodos.com\\\/ro\\\/consideratii-privind-ordinul-jus-394-2020-din-data-de-8-mai-prin-care-se-aproba-schema-de-siguranta-in-munca-si-planul-de-diminuare-covid-19-in-sectorul-justitiei\\\/\",\"url\":\"https:\\\/\\\/www.marinpasalodos.com\\\/ro\\\/consideratii-privind-ordinul-jus-394-2020-din-data-de-8-mai-prin-care-se-aproba-schema-de-siguranta-in-munca-si-planul-de-diminuare-covid-19-in-sectorul-justitiei\\\/\",\"name\":\"Considera\u021bii privind Ordinul JUS 394\\\/2020 din data de 8 mai, prin care se aproba Schema de Siguran\u021ba in munca \u0219i Planul de Diminuare COVID-19 \u00een sectorul Justi\u021biei\",\"isPartOf\":{\"@id\":\"https:\\\/\\\/www.marinpasalodos.com\\\/#website\"},\"primaryImageOfPage\":{\"@id\":\"https:\\\/\\\/www.marinpasalodos.com\\\/ro\\\/consideratii-privind-ordinul-jus-394-2020-din-data-de-8-mai-prin-care-se-aproba-schema-de-siguranta-in-munca-si-planul-de-diminuare-covid-19-in-sectorul-justitiei\\\/#primaryimage\"},\"image\":{\"@id\":\"https:\\\/\\\/www.marinpasalodos.com\\\/ro\\\/consideratii-privind-ordinul-jus-394-2020-din-data-de-8-mai-prin-care-se-aproba-schema-de-siguranta-in-munca-si-planul-de-diminuare-covid-19-in-sectorul-justitiei\\\/#primaryimage\"},\"thumbnailUrl\":\"https:\\\/\\\/www.marinpasalodos.com\\\/wp-content\\\/uploads\\\/2017\\\/10\\\/justitie-balanta.png\",\"datePublished\":\"2020-05-13T08:44:29+00:00\",\"dateModified\":\"2020-05-13T08:49:13+00:00\",\"author\":{\"@id\":\"https:\\\/\\\/www.marinpasalodos.com\\\/#\\\/schema\\\/person\\\/a7cd50af82f7eb6620b15e4bfcc71eae\"},\"description\":\"Ordinul JUS\\\/ 394\\\/2020, prin care se aproba Schema de Siguran\u021ba in munca din sectorul judiciar precum \u0219i Planul de Diminuare COVID-19 \u00een acela\u0219i sector\",\"breadcrumb\":{\"@id\":\"https:\\\/\\\/www.marinpasalodos.com\\\/ro\\\/consideratii-privind-ordinul-jus-394-2020-din-data-de-8-mai-prin-care-se-aproba-schema-de-siguranta-in-munca-si-planul-de-diminuare-covid-19-in-sectorul-justitiei\\\/#breadcrumb\"},\"inLanguage\":\"ro-RO\",\"potentialAction\":[{\"@type\":\"ReadAction\",\"target\":[\"https:\\\/\\\/www.marinpasalodos.com\\\/ro\\\/consideratii-privind-ordinul-jus-394-2020-din-data-de-8-mai-prin-care-se-aproba-schema-de-siguranta-in-munca-si-planul-de-diminuare-covid-19-in-sectorul-justitiei\\\/\"]}]},{\"@type\":\"ImageObject\",\"inLanguage\":\"ro-RO\",\"@id\":\"https:\\\/\\\/www.marinpasalodos.com\\\/ro\\\/consideratii-privind-ordinul-jus-394-2020-din-data-de-8-mai-prin-care-se-aproba-schema-de-siguranta-in-munca-si-planul-de-diminuare-covid-19-in-sectorul-justitiei\\\/#primaryimage\",\"url\":\"https:\\\/\\\/www.marinpasalodos.com\\\/wp-content\\\/uploads\\\/2017\\\/10\\\/justitie-balanta.png\",\"contentUrl\":\"https:\\\/\\\/www.marinpasalodos.com\\\/wp-content\\\/uploads\\\/2017\\\/10\\\/justitie-balanta.png\"},{\"@type\":\"BreadcrumbList\",\"@id\":\"https:\\\/\\\/www.marinpasalodos.com\\\/ro\\\/consideratii-privind-ordinul-jus-394-2020-din-data-de-8-mai-prin-care-se-aproba-schema-de-siguranta-in-munca-si-planul-de-diminuare-covid-19-in-sectorul-justitiei\\\/#breadcrumb\",\"itemListElement\":[{\"@type\":\"ListItem\",\"position\":1,\"name\":\"Home\",\"item\":\"https:\\\/\\\/www.marinpasalodos.com\\\/ro\\\/\"},{\"@type\":\"ListItem\",\"position\":2,\"name\":\"Considera\u021bii privind Ordinul JUS 394\\\/2020 din data de 8 mai, prin care se aproba Schema de Siguran\u021ba in munca \u0219i Planul de Diminuare COVID-19 \u00een sectorul Justi\u021biei\"}]},{\"@type\":\"WebSite\",\"@id\":\"https:\\\/\\\/www.marinpasalodos.com\\\/#website\",\"url\":\"https:\\\/\\\/www.marinpasalodos.com\\\/\",\"name\":\"Abogados Marin Pasalodos\",\"description\":\"Bufete de abogados en Barcelona Marin\",\"potentialAction\":[{\"@type\":\"SearchAction\",\"target\":{\"@type\":\"EntryPoint\",\"urlTemplate\":\"https:\\\/\\\/www.marinpasalodos.com\\\/?s={search_term_string}\"},\"query-input\":{\"@type\":\"PropertyValueSpecification\",\"valueRequired\":true,\"valueName\":\"search_term_string\"}}],\"inLanguage\":\"ro-RO\"},{\"@type\":\"Person\",\"@id\":\"https:\\\/\\\/www.marinpasalodos.com\\\/#\\\/schema\\\/person\\\/a7cd50af82f7eb6620b15e4bfcc71eae\",\"name\":\"Marin Pasalodos\",\"url\":\"https:\\\/\\\/www.marinpasalodos.com\\\/ro\\\/author\\\/xenesis\\\/\"}]}<\/script>\n<!-- \/ Yoast SEO plugin. -->","yoast_head_json":{"title":"Considera\u021bii privind Ordinul JUS 394\/2020 din data de 8 mai, prin care se aproba Schema de Siguran\u021ba in munca \u0219i Planul de Diminuare COVID-19 \u00een sectorul Justi\u021biei","description":"Ordinul JUS\/ 394\/2020, prin care se aproba Schema de Siguran\u021ba in munca din sectorul judiciar precum \u0219i Planul de Diminuare COVID-19 \u00een acela\u0219i sector","robots":{"index":"index","follow":"follow","max-snippet":"max-snippet:-1","max-image-preview":"max-image-preview:large","max-video-preview":"max-video-preview:-1"},"canonical":"https:\/\/www.marinpasalodos.com\/ro\/consideratii-privind-ordinul-jus-394-2020-din-data-de-8-mai-prin-care-se-aproba-schema-de-siguranta-in-munca-si-planul-de-diminuare-covid-19-in-sectorul-justitiei\/","og_locale":"ro_RO","og_type":"article","og_title":"Considera\u021bii privind Ordinul JUS 394\/2020 din data de 8 mai, prin care se aproba Schema de Siguran\u021ba in munca \u0219i Planul de Diminuare COVID-19 \u00een sectorul Justi\u021biei","og_description":"Ordinul JUS\/ 394\/2020, prin care se aproba Schema de Siguran\u021ba in munca din sectorul judiciar precum \u0219i Planul de Diminuare COVID-19 \u00een acela\u0219i sector","og_url":"https:\/\/www.marinpasalodos.com\/ro\/consideratii-privind-ordinul-jus-394-2020-din-data-de-8-mai-prin-care-se-aproba-schema-de-siguranta-in-munca-si-planul-de-diminuare-covid-19-in-sectorul-justitiei\/","og_site_name":"Abogados Marin Pasalodos","article_published_time":"2020-05-13T08:44:29+00:00","article_modified_time":"2020-05-13T08:49:13+00:00","og_image":[{"url":"https:\/\/www.marinpasalodos.com\/wp-content\/uploads\/2017\/10\/justitie-balanta.png","type":"","width":"","height":""}],"author":"Marin Pasalodos","twitter_misc":{"Scris de":"Marin Pasalodos","Timp estimat pentru citire":"5 minute"},"schema":{"@context":"https:\/\/schema.org","@graph":[{"@type":"Article","@id":"https:\/\/www.marinpasalodos.com\/ro\/consideratii-privind-ordinul-jus-394-2020-din-data-de-8-mai-prin-care-se-aproba-schema-de-siguranta-in-munca-si-planul-de-diminuare-covid-19-in-sectorul-justitiei\/#article","isPartOf":{"@id":"https:\/\/www.marinpasalodos.com\/ro\/consideratii-privind-ordinul-jus-394-2020-din-data-de-8-mai-prin-care-se-aproba-schema-de-siguranta-in-munca-si-planul-de-diminuare-covid-19-in-sectorul-justitiei\/"},"author":{"name":"Marin Pasalodos","@id":"https:\/\/www.marinpasalodos.com\/#\/schema\/person\/a7cd50af82f7eb6620b15e4bfcc71eae"},"headline":"Considera\u021bii privind Ordinul JUS 394\/2020 din data de 8 mai, prin care se aproba Schema de Siguran\u021ba in munca \u0219i Planul de Diminuare COVID-19 \u00een sectorul Justi\u021biei","datePublished":"2020-05-13T08:44:29+00:00","dateModified":"2020-05-13T08:49:13+00:00","mainEntityOfPage":{"@id":"https:\/\/www.marinpasalodos.com\/ro\/consideratii-privind-ordinul-jus-394-2020-din-data-de-8-mai-prin-care-se-aproba-schema-de-siguranta-in-munca-si-planul-de-diminuare-covid-19-in-sectorul-justitiei\/"},"wordCount":963,"commentCount":0,"image":{"@id":"https:\/\/www.marinpasalodos.com\/ro\/consideratii-privind-ordinul-jus-394-2020-din-data-de-8-mai-prin-care-se-aproba-schema-de-siguranta-in-munca-si-planul-de-diminuare-covid-19-in-sectorul-justitiei\/#primaryimage"},"thumbnailUrl":"https:\/\/www.marinpasalodos.com\/wp-content\/uploads\/2017\/10\/justitie-balanta.png","articleSection":["Blog"],"inLanguage":"ro-RO","potentialAction":[{"@type":"CommentAction","name":"Comment","target":["https:\/\/www.marinpasalodos.com\/ro\/consideratii-privind-ordinul-jus-394-2020-din-data-de-8-mai-prin-care-se-aproba-schema-de-siguranta-in-munca-si-planul-de-diminuare-covid-19-in-sectorul-justitiei\/#respond"]}]},{"@type":"WebPage","@id":"https:\/\/www.marinpasalodos.com\/ro\/consideratii-privind-ordinul-jus-394-2020-din-data-de-8-mai-prin-care-se-aproba-schema-de-siguranta-in-munca-si-planul-de-diminuare-covid-19-in-sectorul-justitiei\/","url":"https:\/\/www.marinpasalodos.com\/ro\/consideratii-privind-ordinul-jus-394-2020-din-data-de-8-mai-prin-care-se-aproba-schema-de-siguranta-in-munca-si-planul-de-diminuare-covid-19-in-sectorul-justitiei\/","name":"Considera\u021bii privind Ordinul JUS 394\/2020 din data de 8 mai, prin care se aproba Schema de Siguran\u021ba in munca \u0219i Planul de Diminuare COVID-19 \u00een sectorul Justi\u021biei","isPartOf":{"@id":"https:\/\/www.marinpasalodos.com\/#website"},"primaryImageOfPage":{"@id":"https:\/\/www.marinpasalodos.com\/ro\/consideratii-privind-ordinul-jus-394-2020-din-data-de-8-mai-prin-care-se-aproba-schema-de-siguranta-in-munca-si-planul-de-diminuare-covid-19-in-sectorul-justitiei\/#primaryimage"},"image":{"@id":"https:\/\/www.marinpasalodos.com\/ro\/consideratii-privind-ordinul-jus-394-2020-din-data-de-8-mai-prin-care-se-aproba-schema-de-siguranta-in-munca-si-planul-de-diminuare-covid-19-in-sectorul-justitiei\/#primaryimage"},"thumbnailUrl":"https:\/\/www.marinpasalodos.com\/wp-content\/uploads\/2017\/10\/justitie-balanta.png","datePublished":"2020-05-13T08:44:29+00:00","dateModified":"2020-05-13T08:49:13+00:00","author":{"@id":"https:\/\/www.marinpasalodos.com\/#\/schema\/person\/a7cd50af82f7eb6620b15e4bfcc71eae"},"description":"Ordinul JUS\/ 394\/2020, prin care se aproba Schema de Siguran\u021ba in munca din sectorul judiciar precum \u0219i Planul de Diminuare COVID-19 \u00een acela\u0219i sector","breadcrumb":{"@id":"https:\/\/www.marinpasalodos.com\/ro\/consideratii-privind-ordinul-jus-394-2020-din-data-de-8-mai-prin-care-se-aproba-schema-de-siguranta-in-munca-si-planul-de-diminuare-covid-19-in-sectorul-justitiei\/#breadcrumb"},"inLanguage":"ro-RO","potentialAction":[{"@type":"ReadAction","target":["https:\/\/www.marinpasalodos.com\/ro\/consideratii-privind-ordinul-jus-394-2020-din-data-de-8-mai-prin-care-se-aproba-schema-de-siguranta-in-munca-si-planul-de-diminuare-covid-19-in-sectorul-justitiei\/"]}]},{"@type":"ImageObject","inLanguage":"ro-RO","@id":"https:\/\/www.marinpasalodos.com\/ro\/consideratii-privind-ordinul-jus-394-2020-din-data-de-8-mai-prin-care-se-aproba-schema-de-siguranta-in-munca-si-planul-de-diminuare-covid-19-in-sectorul-justitiei\/#primaryimage","url":"https:\/\/www.marinpasalodos.com\/wp-content\/uploads\/2017\/10\/justitie-balanta.png","contentUrl":"https:\/\/www.marinpasalodos.com\/wp-content\/uploads\/2017\/10\/justitie-balanta.png"},{"@type":"BreadcrumbList","@id":"https:\/\/www.marinpasalodos.com\/ro\/consideratii-privind-ordinul-jus-394-2020-din-data-de-8-mai-prin-care-se-aproba-schema-de-siguranta-in-munca-si-planul-de-diminuare-covid-19-in-sectorul-justitiei\/#breadcrumb","itemListElement":[{"@type":"ListItem","position":1,"name":"Home","item":"https:\/\/www.marinpasalodos.com\/ro\/"},{"@type":"ListItem","position":2,"name":"Considera\u021bii privind Ordinul JUS 394\/2020 din data de 8 mai, prin care se aproba Schema de Siguran\u021ba in munca \u0219i Planul de Diminuare COVID-19 \u00een sectorul Justi\u021biei"}]},{"@type":"WebSite","@id":"https:\/\/www.marinpasalodos.com\/#website","url":"https:\/\/www.marinpasalodos.com\/","name":"Abogados Marin Pasalodos","description":"Bufete de abogados en Barcelona Marin","potentialAction":[{"@type":"SearchAction","target":{"@type":"EntryPoint","urlTemplate":"https:\/\/www.marinpasalodos.com\/?s={search_term_string}"},"query-input":{"@type":"PropertyValueSpecification","valueRequired":true,"valueName":"search_term_string"}}],"inLanguage":"ro-RO"},{"@type":"Person","@id":"https:\/\/www.marinpasalodos.com\/#\/schema\/person\/a7cd50af82f7eb6620b15e4bfcc71eae","name":"Marin Pasalodos","url":"https:\/\/www.marinpasalodos.com\/ro\/author\/xenesis\/"}]}},"_links":{"self":[{"href":"https:\/\/www.marinpasalodos.com\/ro\/wp-json\/wp\/v2\/posts\/29143","targetHints":{"allow":["GET"]}}],"collection":[{"href":"https:\/\/www.marinpasalodos.com\/ro\/wp-json\/wp\/v2\/posts"}],"about":[{"href":"https:\/\/www.marinpasalodos.com\/ro\/wp-json\/wp\/v2\/types\/post"}],"author":[{"embeddable":true,"href":"https:\/\/www.marinpasalodos.com\/ro\/wp-json\/wp\/v2\/users\/3"}],"replies":[{"embeddable":true,"href":"https:\/\/www.marinpasalodos.com\/ro\/wp-json\/wp\/v2\/comments?post=29143"}],"version-history":[{"count":2,"href":"https:\/\/www.marinpasalodos.com\/ro\/wp-json\/wp\/v2\/posts\/29143\/revisions"}],"predecessor-version":[{"id":29145,"href":"https:\/\/www.marinpasalodos.com\/ro\/wp-json\/wp\/v2\/posts\/29143\/revisions\/29145"}],"wp:attachment":[{"href":"https:\/\/www.marinpasalodos.com\/ro\/wp-json\/wp\/v2\/media?parent=29143"}],"wp:term":[{"taxonomy":"category","embeddable":true,"href":"https:\/\/www.marinpasalodos.com\/ro\/wp-json\/wp\/v2\/categories?post=29143"},{"taxonomy":"post_tag","embeddable":true,"href":"https:\/\/www.marinpasalodos.com\/ro\/wp-json\/wp\/v2\/tags?post=29143"}],"curies":[{"name":"wp","href":"https:\/\/api.w.org\/{rel}","templated":true}]}}