{"id":29184,"date":"2020-06-02T08:45:40","date_gmt":"2020-06-02T08:45:40","guid":{"rendered":"https:\/\/www.marinpasalodos.com\/?p=29184"},"modified":"2020-06-02T10:28:21","modified_gmt":"2020-06-02T10:28:21","slug":"cand-pot-calatori-spania-ma-pot-intoarce-resedinta-mea","status":"publish","type":"post","link":"https:\/\/www.marinpasalodos.com\/ro\/cand-pot-calatori-spania-ma-pot-intoarce-resedinta-mea\/","title":{"rendered":"C\u00e2nd pot c\u0103l\u0103tori in Spania? C\u00e2nd m\u0103 pot \u00eentoarce la re\u0219edin\u021ba mea?"},"content":{"rendered":"<p>\u00centruc\u00e2t mul\u021bi dintre dumneavoastr\u0103 doresc sa \u0219tie c\u00e2nd pot c\u0103l\u0103tori in Spania, va informam cu privire la ultimele dispozi\u021bii legale oficiale privind posibilitatea de a intra in \u021bar\u0103. Fie pentru a va re\u00eentoarce la re\u0219edin\u021ba dumneavoastra, fie pentru a-i vizita pe cei dragi, e important sa va informa\u021bi privind condi\u021biile \u0219i restric\u021biile active privind posibilitatea de a intra in Spania, pentru a nu avea parte de experien\u021be nepl\u0103cute.<!--more--><\/p>\n<p>Va precizam \u00eenc\u0103 de la \u00eenceput ca in acest moment, NU exista o data concret\u0103 oficial\u0103 fixat\u0103 pentru ridicarea restric\u021biilor privind c\u0103l\u0103toriile interna\u021bionale, de\u0219i aceasta ar trebui sa corespund\u0103 cu ziua c\u00e2nd se va ridica starea de alarma din Spania. Conform celor stabilite in Ordinul Ministerial publicat in Monitorul Oficial pe data de 23 mai, se prelungesc m\u0103surile privind controalele la frontierele terestre, aeriene \u0219i maritime pe motivul situa\u021biei de criza sanitara generat\u0103 de Covid-19. A\u0219adar, se stipuleaz\u0103 ca e necesar sa se men\u021bin\u0103 aceste controale \u0219i restric\u021bii pe tot parcursul starii de alarma. Orice modificare privind acest aspect va fi in conformitate cu criteriile sanitare \u0219i se va adopta lu\u00e2nd in considerare sfaturile Uniunii Europene, coordon\u00e2nd-se cu autorit\u0103\u021bile statelor vecine.<\/p>\n<h2>In acest moment pot p\u0103trunde pe teritoriul spaniol urm\u0103toarele persoane:<\/h2>\n<p>\u2043 cet\u0103\u021benii spanioli sau reziden\u021bii teritoriului spaniol, precum \u0219i reziden\u021bii altor tari membre ale Uniunii Europene sau state din <a href=\"https:\/\/www.marinpasalodos.com\/wp-content\/uploads\/2017\/08\/carta-invitacion-espana.png\"><img decoding=\"async\" class=\"alignright wp-image-27423\" src=\"https:\/\/www.marinpasalodos.com\/wp-content\/uploads\/2017\/08\/carta-invitacion-espana.png\" alt=\"carta invitacion viajero\" width=\"387\" height=\"508\" srcset=\"https:\/\/www.marinpasalodos.com\/wp-content\/uploads\/2017\/08\/carta-invitacion-espana-228x300.png 228w, https:\/\/www.marinpasalodos.com\/wp-content\/uploads\/2017\/08\/carta-invitacion-espana-500x657.png 500w, https:\/\/www.marinpasalodos.com\/wp-content\/uploads\/2017\/08\/carta-invitacion-espana.png 548w\" sizes=\"(max-width: 387px) 100vw, 387px\" \/><\/a>Schengen pentru a se \u00eentoarce la re\u0219edin\u021ba lor obi\u0219nuita. Aten\u021bie \u00eens\u0103, Ordinul in discu\u021bie stabileste expres ca simplul fapt de a de\u021bine o locuin\u021ba in Spania nu e suficient pentru a proba o re\u0219edin\u021ba obi\u0219nuita in acest teritoriu! Trebuie sa demonstra\u021bi ca dumneavoastr\u0103 chiar locuiti aici \u0219i va desf\u0103\u0219ura\u021bi via\u021ba aici.<br \/>\n\u2043 muncitorii transfrontalieri.<br \/>\n\u2043 personal din domeniul sanitar sau cei care au in grija persoane in v\u00e2rst\u0103 pe teritoriul spaniol;<br \/>\n\u2043 personal din domeniul transportului de m\u0103rfuri;<br \/>\n\u2043 cei care vor r\u0103m\u00e2ne pe teritoriul spaniol pentru motive laborale, chiar si pentru munca sezoniera; de exemplu, dac\u0103 lucra\u021bi aici \u0219i pute\u021bi justifica cu un contract de munca valid ca e necesar sa va prezenta\u021bi la locul de munca, pute\u021bi p\u0103trunde in Spania;<br \/>\n\u2043 persoanele care probeaz\u0103 ca e urgent\u0103 intrarea lor pe teritoriul spaniol, proband o situa\u021bie de for\u021ba majora sau de necesitate. Aten\u021bie, se specifica expres ca trebuie sa dovedi\u021bi cu documente!<\/p>\n<p>Aceste restric\u021bii r\u0103m\u00e2n in vigoare pe tot parcursul prelungirii starii de alarma sau pana la noi modific\u0103ri oficiale. De asemenea, toate persoanele care intra \u00een Spania (incepand cu data de 15 mai 2020) vor fi obligate s\u0103 stea 14 zile \u00een carantin\u0103 la domiciliu sau la locul de cazare. Deplas\u0103rile dumneavoastra se vor limita la aprovizionarea cu alimente, produse farmaceutice \u0219i bunuri de prim\u0103 necesitate, primirea de asisten\u021b\u0103 medical\u0103 dac\u0103 este necesar sau \u00een caz de for\u021b\u0103 major\u0103. Purtarea m\u0103\u0219tii este obligatorie \u00een cazul acestor deplas\u0103ri. Va trebui s\u0103 v\u0103 lua\u021bi toate m\u0103surile de igien\u0103 \u0219i preven\u021bie a r\u0103sp\u00e2ndirii virusului, \u00een special \u00een rela\u021bia cu ceilal\u021bi colocatari. Sunt excepta\u021bi de la m\u0103sura carantinei lucr\u0103torii transfrontalieri, transportatorii, personalul de bord \u0219i personalul sanitar activ at\u00e2ta timp c\u00e2t nu s-au aflat \u00een contact cu persoane diagnosticate ca fiind contagiate cu Covid-19.<\/p>\n<h2>Spania se afla intr-un plan de relaxare a restric\u021biilor<\/h2>\n<p>In concluzie, dac\u0103 nu va reg\u0103si\u021bi intr-una din situa\u021biile expuse mai sus, nu pute\u021bi \u00eenc\u0103 c\u0103l\u0103tori in Spania. Astfel cum am mai explicat in alt articol de pe blogul nostru, va reamintim ca Spania se afla intr-un plan de relaxare a restric\u021biilor (celebrul &#8222;plan de desescalada&#8221;); acesta e \u00eemp\u0103r\u021bit in faze diferite, cu obiectivul reintr\u0103rii in starea de normalitate de \u00eenaintea pandemiei c\u00e2t mai in siguran\u021ba posibil. Preconizam ca ultima faza va \u00eencepe spre sf\u00e2r\u0219itul lunii iunie, de\u0219i nu toate provinciile se afla in aceea\u0219i faza simultan. Chiar \u0219i astfel, ultima faza NU \u00eenseamn\u0103 reluarea automata a posibilit\u0103\u021bii de a face c\u0103l\u0103torii interna\u021bionale, implicit de a intra in Spania f\u0103r\u0103 motive justificative. De exemplu, in ultima faza vor fi permise deplas\u0103rile in interiorul Spaniei, doar \u00eentre provinciile care se afla in aceasta ultima faza.<\/p>\n<p>Cu toate acestea, ca \u0219i \u0219tire de ultim moment, pre\u0219edintele Guvernului Spaniol a men\u021bionat pe 1 iunie ca va opera o ultima prelungire a starii de alarma, pana <strong>pe data de 21 iunie, \u00een\u021beleg\u00e2ndu-se deci ca dup\u0103 aceasta data, se va putea c\u0103l\u0103tori f\u0103r\u0103 restric\u021biile men\u021bionate<\/strong>.<\/p>\n<p>Noi va men\u021binem la curent privind noutatile legate de posibilitatea de a veni in Spania, \u0219i va invitam sa citi\u021bi \u0219i alte articole de interes publicate pe blogul <a href=\"\/ro\/\">cabinetului nostru de avocatura din Barcelona<\/a>.<\/p>\n<p>Daca doriti sa aflati mai multe informatii legate de starea de alarma, sau dac\u0103 ave\u021bi nevoie de avocat, respectiv de \u00eendrumare juridic\u0103, nu ezita\u021bi s\u0103 ne contacta\u021bi. Echipa biroului de avoca\u021bi rom\u00e2ni din Barcelona este specializat\u0103 \u00een <a href=\"https:\/\/www.marinpasalodos.com\/ro\/specializari-in-drept\/avocati-specializati-in-dreptul-penal\/\">drept penal<\/a>, <a href=\"https:\/\/www.marinpasalodos.com\/ro\/specializari-in-drept\/avocati-specializati-in-dreptul-familiei\/\">dreptul familiei<\/a> \u0219i <a href=\"https:\/\/www.marinpasalodos.com\/ro\/specializari-in-drept\/avocati-specializati-in-dreptul-muncii\/\">dreptul muncii<\/a> \u0219i depune toate diligentele necesare pentru a va ob\u021bine un rezultat care sa va satisfac\u0103. Ne pute\u021bi contacta la num\u0103rul de telefon (0034) 932006766, sau la adresa de e-mail secretaria@marinpasalodos.com. V\u0103 mul\u021bumim pentru \u00eencrederea acordat\u0103!<\/p>\n<p><a href=\"tel:932006766\"><img decoding=\"async\" class=\"size-full wp-image-29159 aligncenter\" src=\"https:\/\/www.marinpasalodos.com\/wp-content\/uploads\/2019\/04\/contact-avocat-roman-barcelona.png\" alt=\"telefon avocat roman in Barcelona\" width=\"204\" height=\"54\" srcset=\"https:\/\/www.marinpasalodos.com\/wp-content\/uploads\/2019\/04\/contact-avocat-roman-barcelona-200x53.png 200w, https:\/\/www.marinpasalodos.com\/wp-content\/uploads\/2019\/04\/contact-avocat-roman-barcelona.png 204w\" sizes=\"(max-width: 204px) 100vw, 204px\" \/><\/a><\/p>\n","protected":false},"excerpt":{"rendered":"<p>\u00centruc\u00e2t mul\u021bi dintre dumneavoastr\u0103 doresc sa \u0219tie c\u00e2nd pot c\u0103l\u0103tori in Spania, va informam cu privire la ultimele dispozi\u021bii legale oficiale privind posibilitatea de a intra in \u021bar\u0103. Fie pentru a va re\u00eentoarce la re\u0219edin\u021ba dumneavoastra, fie pentru a-i vizita pe cei dragi, e important sa va informa\u021bi privind condi\u021biile \u0219i restric\u021biile active privind posibilitatea  [&#8230;]<\/p>\n","protected":false},"author":3,"featured_media":0,"comment_status":"open","ping_status":"open","sticky":false,"template":"","format":"standard","meta":{"footnotes":""},"categories":[18],"tags":[],"class_list":["post-29184","post","type-post","status-publish","format-standard","hentry","category-blog-ro"],"yoast_head":"<!-- This site is optimized with the Yoast SEO plugin v27.4 - https:\/\/yoast.com\/product\/yoast-seo-wordpress\/ -->\n<title>C\u00e2nd pot c\u0103l\u0103tori in Spania? C\u00e2nd m\u0103 pot \u00eentoarce la re\u0219edin\u021ba mea?<\/title>\n<meta name=\"description\" content=\"\u00centruc\u00e2t mul\u021bi dintre dvs. doresc sa \u0219tie c\u00e2nd pot c\u0103l\u0103tori in Spania, va informam cu privire la ultimele dispozi\u021bii oficiale privind intrarea in \u021bar\u0103\" \/>\n<meta name=\"robots\" content=\"index, follow, max-snippet:-1, max-image-preview:large, max-video-preview:-1\" \/>\n<link rel=\"canonical\" href=\"https:\/\/www.marinpasalodos.com\/ro\/cand-pot-calatori-spania-ma-pot-intoarce-resedinta-mea\/\" \/>\n<meta property=\"og:locale\" content=\"ro_RO\" \/>\n<meta property=\"og:type\" content=\"article\" \/>\n<meta property=\"og:title\" content=\"C\u00e2nd pot c\u0103l\u0103tori in Spania? C\u00e2nd m\u0103 pot \u00eentoarce la re\u0219edin\u021ba mea?\" \/>\n<meta property=\"og:description\" content=\"\u00centruc\u00e2t mul\u021bi dintre dvs. doresc sa \u0219tie c\u00e2nd pot c\u0103l\u0103tori in Spania, va informam cu privire la ultimele dispozi\u021bii oficiale privind intrarea in \u021bar\u0103\" \/>\n<meta property=\"og:url\" content=\"https:\/\/www.marinpasalodos.com\/ro\/cand-pot-calatori-spania-ma-pot-intoarce-resedinta-mea\/\" \/>\n<meta property=\"og:site_name\" content=\"Abogados Marin Pasalodos\" \/>\n<meta property=\"article:published_time\" content=\"2020-06-02T08:45:40+00:00\" \/>\n<meta property=\"article:modified_time\" content=\"2020-06-02T10:28:21+00:00\" \/>\n<meta property=\"og:image\" content=\"https:\/\/www.marinpasalodos.com\/wp-content\/uploads\/2017\/08\/carta-invitacion-espana.png\" \/>\n<meta name=\"author\" content=\"Marin Pasalodos\" \/>\n<meta name=\"twitter:label1\" content=\"Scris de\" \/>\n\t<meta name=\"twitter:data1\" content=\"Marin Pasalodos\" \/>\n\t<meta name=\"twitter:label2\" content=\"Timp estimat pentru citire\" \/>\n\t<meta name=\"twitter:data2\" content=\"5 minute\" \/>\n<script type=\"application\/ld+json\" class=\"yoast-schema-graph\">{\"@context\":\"https:\\\/\\\/schema.org\",\"@graph\":[{\"@type\":\"Article\",\"@id\":\"https:\\\/\\\/www.marinpasalodos.com\\\/ro\\\/cand-pot-calatori-spania-ma-pot-intoarce-resedinta-mea\\\/#article\",\"isPartOf\":{\"@id\":\"https:\\\/\\\/www.marinpasalodos.com\\\/ro\\\/cand-pot-calatori-spania-ma-pot-intoarce-resedinta-mea\\\/\"},\"author\":{\"name\":\"Marin Pasalodos\",\"@id\":\"https:\\\/\\\/www.marinpasalodos.com\\\/#\\\/schema\\\/person\\\/a7cd50af82f7eb6620b15e4bfcc71eae\"},\"headline\":\"C\u00e2nd pot c\u0103l\u0103tori in Spania? C\u00e2nd m\u0103 pot \u00eentoarce la re\u0219edin\u021ba mea?\",\"datePublished\":\"2020-06-02T08:45:40+00:00\",\"dateModified\":\"2020-06-02T10:28:21+00:00\",\"mainEntityOfPage\":{\"@id\":\"https:\\\/\\\/www.marinpasalodos.com\\\/ro\\\/cand-pot-calatori-spania-ma-pot-intoarce-resedinta-mea\\\/\"},\"wordCount\":940,\"commentCount\":0,\"image\":{\"@id\":\"https:\\\/\\\/www.marinpasalodos.com\\\/ro\\\/cand-pot-calatori-spania-ma-pot-intoarce-resedinta-mea\\\/#primaryimage\"},\"thumbnailUrl\":\"https:\\\/\\\/www.marinpasalodos.com\\\/wp-content\\\/uploads\\\/2017\\\/08\\\/carta-invitacion-espana.png\",\"articleSection\":[\"Blog\"],\"inLanguage\":\"ro-RO\",\"potentialAction\":[{\"@type\":\"CommentAction\",\"name\":\"Comment\",\"target\":[\"https:\\\/\\\/www.marinpasalodos.com\\\/ro\\\/cand-pot-calatori-spania-ma-pot-intoarce-resedinta-mea\\\/#respond\"]}]},{\"@type\":\"WebPage\",\"@id\":\"https:\\\/\\\/www.marinpasalodos.com\\\/ro\\\/cand-pot-calatori-spania-ma-pot-intoarce-resedinta-mea\\\/\",\"url\":\"https:\\\/\\\/www.marinpasalodos.com\\\/ro\\\/cand-pot-calatori-spania-ma-pot-intoarce-resedinta-mea\\\/\",\"name\":\"C\u00e2nd pot c\u0103l\u0103tori in Spania? C\u00e2nd m\u0103 pot \u00eentoarce la re\u0219edin\u021ba mea?\",\"isPartOf\":{\"@id\":\"https:\\\/\\\/www.marinpasalodos.com\\\/#website\"},\"primaryImageOfPage\":{\"@id\":\"https:\\\/\\\/www.marinpasalodos.com\\\/ro\\\/cand-pot-calatori-spania-ma-pot-intoarce-resedinta-mea\\\/#primaryimage\"},\"image\":{\"@id\":\"https:\\\/\\\/www.marinpasalodos.com\\\/ro\\\/cand-pot-calatori-spania-ma-pot-intoarce-resedinta-mea\\\/#primaryimage\"},\"thumbnailUrl\":\"https:\\\/\\\/www.marinpasalodos.com\\\/wp-content\\\/uploads\\\/2017\\\/08\\\/carta-invitacion-espana.png\",\"datePublished\":\"2020-06-02T08:45:40+00:00\",\"dateModified\":\"2020-06-02T10:28:21+00:00\",\"author\":{\"@id\":\"https:\\\/\\\/www.marinpasalodos.com\\\/#\\\/schema\\\/person\\\/a7cd50af82f7eb6620b15e4bfcc71eae\"},\"description\":\"\u00centruc\u00e2t mul\u021bi dintre dvs. doresc sa \u0219tie c\u00e2nd pot c\u0103l\u0103tori in Spania, va informam cu privire la ultimele dispozi\u021bii oficiale privind intrarea in \u021bar\u0103\",\"breadcrumb\":{\"@id\":\"https:\\\/\\\/www.marinpasalodos.com\\\/ro\\\/cand-pot-calatori-spania-ma-pot-intoarce-resedinta-mea\\\/#breadcrumb\"},\"inLanguage\":\"ro-RO\",\"potentialAction\":[{\"@type\":\"ReadAction\",\"target\":[\"https:\\\/\\\/www.marinpasalodos.com\\\/ro\\\/cand-pot-calatori-spania-ma-pot-intoarce-resedinta-mea\\\/\"]}]},{\"@type\":\"ImageObject\",\"inLanguage\":\"ro-RO\",\"@id\":\"https:\\\/\\\/www.marinpasalodos.com\\\/ro\\\/cand-pot-calatori-spania-ma-pot-intoarce-resedinta-mea\\\/#primaryimage\",\"url\":\"https:\\\/\\\/www.marinpasalodos.com\\\/wp-content\\\/uploads\\\/2017\\\/08\\\/carta-invitacion-espana.png\",\"contentUrl\":\"https:\\\/\\\/www.marinpasalodos.com\\\/wp-content\\\/uploads\\\/2017\\\/08\\\/carta-invitacion-espana.png\"},{\"@type\":\"BreadcrumbList\",\"@id\":\"https:\\\/\\\/www.marinpasalodos.com\\\/ro\\\/cand-pot-calatori-spania-ma-pot-intoarce-resedinta-mea\\\/#breadcrumb\",\"itemListElement\":[{\"@type\":\"ListItem\",\"position\":1,\"name\":\"Home\",\"item\":\"https:\\\/\\\/www.marinpasalodos.com\\\/ro\\\/\"},{\"@type\":\"ListItem\",\"position\":2,\"name\":\"C\u00e2nd pot c\u0103l\u0103tori in Spania? C\u00e2nd m\u0103 pot \u00eentoarce la re\u0219edin\u021ba mea?\"}]},{\"@type\":\"WebSite\",\"@id\":\"https:\\\/\\\/www.marinpasalodos.com\\\/#website\",\"url\":\"https:\\\/\\\/www.marinpasalodos.com\\\/\",\"name\":\"Abogados Marin Pasalodos\",\"description\":\"Bufete de abogados en Barcelona Marin\",\"potentialAction\":[{\"@type\":\"SearchAction\",\"target\":{\"@type\":\"EntryPoint\",\"urlTemplate\":\"https:\\\/\\\/www.marinpasalodos.com\\\/?s={search_term_string}\"},\"query-input\":{\"@type\":\"PropertyValueSpecification\",\"valueRequired\":true,\"valueName\":\"search_term_string\"}}],\"inLanguage\":\"ro-RO\"},{\"@type\":\"Person\",\"@id\":\"https:\\\/\\\/www.marinpasalodos.com\\\/#\\\/schema\\\/person\\\/a7cd50af82f7eb6620b15e4bfcc71eae\",\"name\":\"Marin Pasalodos\",\"url\":\"https:\\\/\\\/www.marinpasalodos.com\\\/ro\\\/author\\\/xenesis\\\/\"}]}<\/script>\n<!-- \/ Yoast SEO plugin. -->","yoast_head_json":{"title":"C\u00e2nd pot c\u0103l\u0103tori in Spania? C\u00e2nd m\u0103 pot \u00eentoarce la re\u0219edin\u021ba mea?","description":"\u00centruc\u00e2t mul\u021bi dintre dvs. doresc sa \u0219tie c\u00e2nd pot c\u0103l\u0103tori in Spania, va informam cu privire la ultimele dispozi\u021bii oficiale privind intrarea in \u021bar\u0103","robots":{"index":"index","follow":"follow","max-snippet":"max-snippet:-1","max-image-preview":"max-image-preview:large","max-video-preview":"max-video-preview:-1"},"canonical":"https:\/\/www.marinpasalodos.com\/ro\/cand-pot-calatori-spania-ma-pot-intoarce-resedinta-mea\/","og_locale":"ro_RO","og_type":"article","og_title":"C\u00e2nd pot c\u0103l\u0103tori in Spania? C\u00e2nd m\u0103 pot \u00eentoarce la re\u0219edin\u021ba mea?","og_description":"\u00centruc\u00e2t mul\u021bi dintre dvs. doresc sa \u0219tie c\u00e2nd pot c\u0103l\u0103tori in Spania, va informam cu privire la ultimele dispozi\u021bii oficiale privind intrarea in \u021bar\u0103","og_url":"https:\/\/www.marinpasalodos.com\/ro\/cand-pot-calatori-spania-ma-pot-intoarce-resedinta-mea\/","og_site_name":"Abogados Marin Pasalodos","article_published_time":"2020-06-02T08:45:40+00:00","article_modified_time":"2020-06-02T10:28:21+00:00","og_image":[{"url":"https:\/\/www.marinpasalodos.com\/wp-content\/uploads\/2017\/08\/carta-invitacion-espana.png","type":"","width":"","height":""}],"author":"Marin Pasalodos","twitter_misc":{"Scris de":"Marin Pasalodos","Timp estimat pentru citire":"5 minute"},"schema":{"@context":"https:\/\/schema.org","@graph":[{"@type":"Article","@id":"https:\/\/www.marinpasalodos.com\/ro\/cand-pot-calatori-spania-ma-pot-intoarce-resedinta-mea\/#article","isPartOf":{"@id":"https:\/\/www.marinpasalodos.com\/ro\/cand-pot-calatori-spania-ma-pot-intoarce-resedinta-mea\/"},"author":{"name":"Marin Pasalodos","@id":"https:\/\/www.marinpasalodos.com\/#\/schema\/person\/a7cd50af82f7eb6620b15e4bfcc71eae"},"headline":"C\u00e2nd pot c\u0103l\u0103tori in Spania? C\u00e2nd m\u0103 pot \u00eentoarce la re\u0219edin\u021ba mea?","datePublished":"2020-06-02T08:45:40+00:00","dateModified":"2020-06-02T10:28:21+00:00","mainEntityOfPage":{"@id":"https:\/\/www.marinpasalodos.com\/ro\/cand-pot-calatori-spania-ma-pot-intoarce-resedinta-mea\/"},"wordCount":940,"commentCount":0,"image":{"@id":"https:\/\/www.marinpasalodos.com\/ro\/cand-pot-calatori-spania-ma-pot-intoarce-resedinta-mea\/#primaryimage"},"thumbnailUrl":"https:\/\/www.marinpasalodos.com\/wp-content\/uploads\/2017\/08\/carta-invitacion-espana.png","articleSection":["Blog"],"inLanguage":"ro-RO","potentialAction":[{"@type":"CommentAction","name":"Comment","target":["https:\/\/www.marinpasalodos.com\/ro\/cand-pot-calatori-spania-ma-pot-intoarce-resedinta-mea\/#respond"]}]},{"@type":"WebPage","@id":"https:\/\/www.marinpasalodos.com\/ro\/cand-pot-calatori-spania-ma-pot-intoarce-resedinta-mea\/","url":"https:\/\/www.marinpasalodos.com\/ro\/cand-pot-calatori-spania-ma-pot-intoarce-resedinta-mea\/","name":"C\u00e2nd pot c\u0103l\u0103tori in Spania? C\u00e2nd m\u0103 pot \u00eentoarce la re\u0219edin\u021ba mea?","isPartOf":{"@id":"https:\/\/www.marinpasalodos.com\/#website"},"primaryImageOfPage":{"@id":"https:\/\/www.marinpasalodos.com\/ro\/cand-pot-calatori-spania-ma-pot-intoarce-resedinta-mea\/#primaryimage"},"image":{"@id":"https:\/\/www.marinpasalodos.com\/ro\/cand-pot-calatori-spania-ma-pot-intoarce-resedinta-mea\/#primaryimage"},"thumbnailUrl":"https:\/\/www.marinpasalodos.com\/wp-content\/uploads\/2017\/08\/carta-invitacion-espana.png","datePublished":"2020-06-02T08:45:40+00:00","dateModified":"2020-06-02T10:28:21+00:00","author":{"@id":"https:\/\/www.marinpasalodos.com\/#\/schema\/person\/a7cd50af82f7eb6620b15e4bfcc71eae"},"description":"\u00centruc\u00e2t mul\u021bi dintre dvs. doresc sa \u0219tie c\u00e2nd pot c\u0103l\u0103tori in Spania, va informam cu privire la ultimele dispozi\u021bii oficiale privind intrarea in \u021bar\u0103","breadcrumb":{"@id":"https:\/\/www.marinpasalodos.com\/ro\/cand-pot-calatori-spania-ma-pot-intoarce-resedinta-mea\/#breadcrumb"},"inLanguage":"ro-RO","potentialAction":[{"@type":"ReadAction","target":["https:\/\/www.marinpasalodos.com\/ro\/cand-pot-calatori-spania-ma-pot-intoarce-resedinta-mea\/"]}]},{"@type":"ImageObject","inLanguage":"ro-RO","@id":"https:\/\/www.marinpasalodos.com\/ro\/cand-pot-calatori-spania-ma-pot-intoarce-resedinta-mea\/#primaryimage","url":"https:\/\/www.marinpasalodos.com\/wp-content\/uploads\/2017\/08\/carta-invitacion-espana.png","contentUrl":"https:\/\/www.marinpasalodos.com\/wp-content\/uploads\/2017\/08\/carta-invitacion-espana.png"},{"@type":"BreadcrumbList","@id":"https:\/\/www.marinpasalodos.com\/ro\/cand-pot-calatori-spania-ma-pot-intoarce-resedinta-mea\/#breadcrumb","itemListElement":[{"@type":"ListItem","position":1,"name":"Home","item":"https:\/\/www.marinpasalodos.com\/ro\/"},{"@type":"ListItem","position":2,"name":"C\u00e2nd pot c\u0103l\u0103tori in Spania? C\u00e2nd m\u0103 pot \u00eentoarce la re\u0219edin\u021ba mea?"}]},{"@type":"WebSite","@id":"https:\/\/www.marinpasalodos.com\/#website","url":"https:\/\/www.marinpasalodos.com\/","name":"Abogados Marin Pasalodos","description":"Bufete de abogados en Barcelona Marin","potentialAction":[{"@type":"SearchAction","target":{"@type":"EntryPoint","urlTemplate":"https:\/\/www.marinpasalodos.com\/?s={search_term_string}"},"query-input":{"@type":"PropertyValueSpecification","valueRequired":true,"valueName":"search_term_string"}}],"inLanguage":"ro-RO"},{"@type":"Person","@id":"https:\/\/www.marinpasalodos.com\/#\/schema\/person\/a7cd50af82f7eb6620b15e4bfcc71eae","name":"Marin Pasalodos","url":"https:\/\/www.marinpasalodos.com\/ro\/author\/xenesis\/"}]}},"_links":{"self":[{"href":"https:\/\/www.marinpasalodos.com\/ro\/wp-json\/wp\/v2\/posts\/29184","targetHints":{"allow":["GET"]}}],"collection":[{"href":"https:\/\/www.marinpasalodos.com\/ro\/wp-json\/wp\/v2\/posts"}],"about":[{"href":"https:\/\/www.marinpasalodos.com\/ro\/wp-json\/wp\/v2\/types\/post"}],"author":[{"embeddable":true,"href":"https:\/\/www.marinpasalodos.com\/ro\/wp-json\/wp\/v2\/users\/3"}],"replies":[{"embeddable":true,"href":"https:\/\/www.marinpasalodos.com\/ro\/wp-json\/wp\/v2\/comments?post=29184"}],"version-history":[{"count":3,"href":"https:\/\/www.marinpasalodos.com\/ro\/wp-json\/wp\/v2\/posts\/29184\/revisions"}],"predecessor-version":[{"id":29187,"href":"https:\/\/www.marinpasalodos.com\/ro\/wp-json\/wp\/v2\/posts\/29184\/revisions\/29187"}],"wp:attachment":[{"href":"https:\/\/www.marinpasalodos.com\/ro\/wp-json\/wp\/v2\/media?parent=29184"}],"wp:term":[{"taxonomy":"category","embeddable":true,"href":"https:\/\/www.marinpasalodos.com\/ro\/wp-json\/wp\/v2\/categories?post=29184"},{"taxonomy":"post_tag","embeddable":true,"href":"https:\/\/www.marinpasalodos.com\/ro\/wp-json\/wp\/v2\/tags?post=29184"}],"curies":[{"name":"wp","href":"https:\/\/api.w.org\/{rel}","templated":true}]}}